{"id":3984,"date":"2017-03-22T15:05:03","date_gmt":"2017-03-22T15:05:03","guid":{"rendered":"http:\/\/fmriachuelo.com.ar\/ljkjklj\/?p=3984"},"modified":"2017-03-22T15:05:03","modified_gmt":"2017-03-22T15:05:03","slug":"congreso-nacional-presentan-proyecto-de-ley-contra-la-criminalizacion-de-la-protesta-social","status":"publish","type":"post","link":"http:\/\/fmriachuelo.it10.com.ar\/index.php\/2017\/03\/22\/congreso-nacional-presentan-proyecto-de-ley-contra-la-criminalizacion-de-la-protesta-social\/","title":{"rendered":"CONGRESO NACIONAL, PRESENTAN PROYECTO DE LEY CONTRA LA CRIMINALIZACI\u00d3N DE LA PROTESTA SOCIAL"},"content":{"rendered":"<p>[FM Riachuelo 22\/03\/2017] Hoy a las 11 hs. legisladores nacionales presentaron un proyecto de ley <strong>Contra la Criminalizaci\u00f3n de la Protesta Social<\/strong>, en el Congreso Nacional. El proyecto surge como necesidad de poner un freno al avance del Poder Ejecutivo en la creciente criminalizaci\u00f3n de la protesta social y \u00a0de los luchadores populares.<\/p>\n<p>El proyecto se present\u00f3 en medio de una acci\u00f3n que impidi\u00f3 el acceso de referentes sociales que acompa\u00f1aban la presentaci\u00f3n y mientras se desarrolla la multitudinaria movilizaci\u00f3n por la Marcha Federal Docente.<\/p>\n<p>Ampliaremos con m\u00e1s informaci\u00f3n.<\/p>\n<p>&nbsp;<\/p>\n","protected":false},"excerpt":{"rendered":"<p>[FM Riachuelo 22\/03\/2017] Hoy a las 11 hs. legisladores nacionales presentaron un proyecto de ley Contra la Criminalizaci\u00f3n de la Protesta Social, en el Congreso Nacional. El proyecto surge como necesidad de poner un freno al avance del Poder Ejecutivo en la creciente criminalizaci\u00f3n de la protesta social y \u00a0de los luchadores populares. El proyecto [&hellip;]<\/p>\n","protected":false},"author":4,"featured_media":3985,"comment_status":"open","ping_status":"open","sticky":false,"template":"","format":"standard","meta":{"_monsterinsights_skip_tracking":false,"_monsterinsights_sitenote_active":false,"_monsterinsights_sitenote_note":"","_monsterinsights_sitenote_category":0,"jnews-multi-image_gallery":[],"jnews_single_post":[],"jnews_primary_category":[],"_joinchat":[],"footnotes":""},"categories":[78,76],"tags":[],"class_list":["post-3984","post","type-post","status-publish","format-standard","has-post-thumbnail","hentry","category-economia-popular","category-salud-comunitaria"],"_links":{"self":[{"href":"http:\/\/fmriachuelo.it10.com.ar\/index.php\/wp-json\/wp\/v2\/posts\/3984","targetHints":{"allow":["GET"]}}],"collection":[{"href":"http:\/\/fmriachuelo.it10.com.ar\/index.php\/wp-json\/wp\/v2\/posts"}],"about":[{"href":"http:\/\/fmriachuelo.it10.com.ar\/index.php\/wp-json\/wp\/v2\/types\/post"}],"author":[{"embeddable":true,"href":"http:\/\/fmriachuelo.it10.com.ar\/index.php\/wp-json\/wp\/v2\/users\/4"}],"replies":[{"embeddable":true,"href":"http:\/\/fmriachuelo.it10.com.ar\/index.php\/wp-json\/wp\/v2\/comments?post=3984"}],"version-history":[{"count":0,"href":"http:\/\/fmriachuelo.it10.com.ar\/index.php\/wp-json\/wp\/v2\/posts\/3984\/revisions"}],"wp:featuredmedia":[{"embeddable":true,"href":"http:\/\/fmriachuelo.it10.com.ar\/index.php\/wp-json\/"}],"wp:attachment":[{"href":"http:\/\/fmriachuelo.it10.com.ar\/index.php\/wp-json\/wp\/v2\/media?parent=3984"}],"wp:term":[{"taxonomy":"category","embeddable":true,"href":"http:\/\/fmriachuelo.it10.com.ar\/index.php\/wp-json\/wp\/v2\/categories?post=3984"},{"taxonomy":"post_tag","embeddable":true,"href":"http:\/\/fmriachuelo.it10.com.ar\/index.php\/wp-json\/wp\/v2\/tags?post=3984"}],"curies":[{"name":"wp","href":"https:\/\/api.w.org\/{rel}","templated":true}]}}