{"id":3976,"date":"2017-03-22T12:18:53","date_gmt":"2017-03-22T12:18:53","guid":{"rendered":"http:\/\/fmriachuelo.com.ar\/ljkjklj\/?p=3976"},"modified":"2017-03-22T12:18:53","modified_gmt":"2017-03-22T12:18:53","slug":"paro-de-docentes-en-la-ciudad","status":"publish","type":"post","link":"http:\/\/fmriachuelo.it10.com.ar\/index.php\/2017\/03\/22\/paro-de-docentes-en-la-ciudad\/","title":{"rendered":"PARO DE DOCENTES EN LA CIUDAD"},"content":{"rendered":"<p>[FM Riachuelo 22\/03\/2017] Contin\u00faa el Paro Nacional Docente en demanda de mayores recursos para la educaci\u00f3n p\u00fablica, cuyo recorte afecta directamente el salario de los trabajadores de la educaci\u00f3n, adem\u00e1s de los programas educativos, mantenimientos edilicios, falta de materiales y otros. En la tarde de ayer entrevistamos a un docente de la Escuela Media N\u00ba 6, ubicada en la Villa 21-24, que relat\u00f3 la realidad de la educaci\u00f3n en los barrios mas vulnerables de la ciudad. Escuch\u00e1 la entrevista a continuaci\u00f3n:<\/p>\n<p>En la tarde de hoy en <span style=\"color: #ff0000\"><strong>Rompe el Cerco Informativo<\/strong><\/span>, conversamos con Maxi Malfatti, docente de la Escuela Media N\u00ba 6, del Distrito Escolar N\u00ba 5, situada en la Villa 21-24, quien nos relata la realidad de la educaci\u00f2n en los barrios de los sectores m\u00e0s vulnerados de la CABA.<br \/>\nNos cont\u00f3 sobre la cantidad de d\u00edas de clase que se pierden debido a situaciones que no tienen que ver con paros docentes, sino con cuestiones de infraestructura y falta de mantenimiento de los establecimientos escolares como: desbordes cloacales , falta de luz, falta de viviendas o condiciones precarias de habitabilidad.\u00a0\u00a0Tambi\u00e9n explico que es la \u00fanica escuela media que existe en un barrio con alrededor de 65000 habitantes, y la cual alberga \u00fanicamente a 500 estudiantes, quedando fuera de su matricula una gran cantidad de j\u00f3venes en edad de escolarizaci\u00f3n.<br \/>\nEl docente se refiri\u00f3 a las actividades que se realizadan con motivo del Paro y como se desarrollara \u00a0la participaci\u00f3n en\u00a0la Marcha Federal Docente, en la que ser\u00e1n acompa\u00f1ados por toda la comunidad educativa.<br \/>\nPara finalizar resalt\u00f3 que los docentes son objeto de una violencia que proviene del gobierno hacia quienes tienen a cargo la educaci\u00f3n, actividad que realizan con gran compromiso para enfrentar las dificultades cotidianas que produce la falta de recursos destinados a la educaci\u00f3n en su conjunto.<\/p>\n","protected":false},"excerpt":{"rendered":"<p>[FM Riachuelo 22\/03\/2017] Contin\u00faa el Paro Nacional Docente en demanda de mayores recursos para la educaci\u00f3n p\u00fablica, cuyo recorte afecta directamente el salario de los trabajadores de la educaci\u00f3n, adem\u00e1s de los programas educativos, mantenimientos edilicios, falta de materiales y otros. En la tarde de ayer entrevistamos a un docente de la Escuela Media N\u00ba [&hellip;]<\/p>\n","protected":false},"author":4,"featured_media":3977,"comment_status":"open","ping_status":"open","sticky":false,"template":"","format":"standard","meta":{"_monsterinsights_skip_tracking":false,"_monsterinsights_sitenote_active":false,"_monsterinsights_sitenote_note":"","_monsterinsights_sitenote_category":0,"jnews-multi-image_gallery":[],"jnews_single_post":[],"jnews_primary_category":[],"_joinchat":[],"footnotes":""},"categories":[78,76,77],"tags":[],"class_list":["post-3976","post","type-post","status-publish","format-standard","has-post-thumbnail","hentry","category-economia-popular","category-salud-comunitaria","category-soberania"],"_links":{"self":[{"href":"http:\/\/fmriachuelo.it10.com.ar\/index.php\/wp-json\/wp\/v2\/posts\/3976","targetHints":{"allow":["GET"]}}],"collection":[{"href":"http:\/\/fmriachuelo.it10.com.ar\/index.php\/wp-json\/wp\/v2\/posts"}],"about":[{"href":"http:\/\/fmriachuelo.it10.com.ar\/index.php\/wp-json\/wp\/v2\/types\/post"}],"author":[{"embeddable":true,"href":"http:\/\/fmriachuelo.it10.com.ar\/index.php\/wp-json\/wp\/v2\/users\/4"}],"replies":[{"embeddable":true,"href":"http:\/\/fmriachuelo.it10.com.ar\/index.php\/wp-json\/wp\/v2\/comments?post=3976"}],"version-history":[{"count":0,"href":"http:\/\/fmriachuelo.it10.com.ar\/index.php\/wp-json\/wp\/v2\/posts\/3976\/revisions"}],"wp:featuredmedia":[{"embeddable":true,"href":"http:\/\/fmriachuelo.it10.com.ar\/index.php\/wp-json\/"}],"wp:attachment":[{"href":"http:\/\/fmriachuelo.it10.com.ar\/index.php\/wp-json\/wp\/v2\/media?parent=3976"}],"wp:term":[{"taxonomy":"category","embeddable":true,"href":"http:\/\/fmriachuelo.it10.com.ar\/index.php\/wp-json\/wp\/v2\/categories?post=3976"},{"taxonomy":"post_tag","embeddable":true,"href":"http:\/\/fmriachuelo.it10.com.ar\/index.php\/wp-json\/wp\/v2\/tags?post=3976"}],"curies":[{"name":"wp","href":"https:\/\/api.w.org\/{rel}","templated":true}]}}