{"id":3973,"date":"2017-03-21T19:20:47","date_gmt":"2017-03-21T19:20:47","guid":{"rendered":"http:\/\/fmriachuelo.com.ar\/ljkjklj\/?p=3973"},"modified":"2017-03-21T19:20:47","modified_gmt":"2017-03-21T19:20:47","slug":"lucha-docente-bocinazo-y-radio-abierta-en-la-boca","status":"publish","type":"post","link":"http:\/\/fmriachuelo.it10.com.ar\/index.php\/2017\/03\/21\/lucha-docente-bocinazo-y-radio-abierta-en-la-boca\/","title":{"rendered":"LUCHA DOCENTE: BOCINAZO Y RADIO ABIERTA EN LA BOCA"},"content":{"rendered":"<p>[FM Riachuelo 21\/03\/2017] Este mediod\u00eda los docentes del D.E 4 se manifestaron en la esquina de av. Patricios y Suarez del barrio de La Boca. Acompa\u00f1ados por vecinos y organizaciones hicieron visible una vez m\u00e1s la lucha que vienen llevando adelante desde hace varias semanas.<br \/>\nA la demanda salarial se le suman los reclamos por infraestructura, falta de vacantes y presupuesto para la educaci\u00f3n p\u00fablica.<\/p>\n<p>FM Riachuelo estuvo presente en la actividad conversando con los docentes y vecinos que se manifestaron.<\/p>\n","protected":false},"excerpt":{"rendered":"<p>[FM Riachuelo 21\/03\/2017] Este mediod\u00eda los docentes del D.E 4 se manifestaron en la esquina de av. Patricios y Suarez del barrio de La Boca. Acompa\u00f1ados por vecinos y organizaciones hicieron visible una vez m\u00e1s la lucha que vienen llevando adelante desde hace varias semanas. A la demanda salarial se le suman los reclamos por [&hellip;]<\/p>\n","protected":false},"author":4,"featured_media":3974,"comment_status":"open","ping_status":"open","sticky":false,"template":"","format":"standard","meta":{"_monsterinsights_skip_tracking":false,"_monsterinsights_sitenote_active":false,"_monsterinsights_sitenote_note":"","_monsterinsights_sitenote_category":0,"jnews-multi-image_gallery":[],"jnews_single_post":[],"jnews_primary_category":[],"_joinchat":[],"footnotes":""},"categories":[78,76,77,75],"tags":[],"class_list":["post-3973","post","type-post","status-publish","format-standard","has-post-thumbnail","hentry","category-economia-popular","category-salud-comunitaria","category-soberania","category-trabajo"],"_links":{"self":[{"href":"http:\/\/fmriachuelo.it10.com.ar\/index.php\/wp-json\/wp\/v2\/posts\/3973","targetHints":{"allow":["GET"]}}],"collection":[{"href":"http:\/\/fmriachuelo.it10.com.ar\/index.php\/wp-json\/wp\/v2\/posts"}],"about":[{"href":"http:\/\/fmriachuelo.it10.com.ar\/index.php\/wp-json\/wp\/v2\/types\/post"}],"author":[{"embeddable":true,"href":"http:\/\/fmriachuelo.it10.com.ar\/index.php\/wp-json\/wp\/v2\/users\/4"}],"replies":[{"embeddable":true,"href":"http:\/\/fmriachuelo.it10.com.ar\/index.php\/wp-json\/wp\/v2\/comments?post=3973"}],"version-history":[{"count":0,"href":"http:\/\/fmriachuelo.it10.com.ar\/index.php\/wp-json\/wp\/v2\/posts\/3973\/revisions"}],"wp:featuredmedia":[{"embeddable":true,"href":"http:\/\/fmriachuelo.it10.com.ar\/index.php\/wp-json\/"}],"wp:attachment":[{"href":"http:\/\/fmriachuelo.it10.com.ar\/index.php\/wp-json\/wp\/v2\/media?parent=3973"}],"wp:term":[{"taxonomy":"category","embeddable":true,"href":"http:\/\/fmriachuelo.it10.com.ar\/index.php\/wp-json\/wp\/v2\/categories?post=3973"},{"taxonomy":"post_tag","embeddable":true,"href":"http:\/\/fmriachuelo.it10.com.ar\/index.php\/wp-json\/wp\/v2\/tags?post=3973"}],"curies":[{"name":"wp","href":"https:\/\/api.w.org\/{rel}","templated":true}]}}