{"id":397,"date":"2015-06-02T18:40:00","date_gmt":"2015-06-02T18:40:00","guid":{"rendered":"http:\/\/fmriachuelo.observatorioess.org.ar\/index.php\/2015\/06\/02\/ni-una-menos\/"},"modified":"2025-03-31T15:23:09","modified_gmt":"2025-03-31T18:23:09","slug":"ni-una-menos","status":"publish","type":"post","link":"http:\/\/fmriachuelo.it10.com.ar\/index.php\/2015\/06\/02\/ni-una-menos\/","title":{"rendered":"#NI UNA MENOS"},"content":{"rendered":"<p><span style=\"color: red;font-family: Verdana, sans-serif;font-size: large\"><strong>VIOLENCIA<\/strong><\/span><br \/><span style=\"font-family: Verdana, sans-serif;font-size: large\"><strong>La cotidiana guerra contra las mujeres<\/strong><\/span><\/p>\n<div style=\"clear: both;text-align: center\"><a href=\"http:\/\/2.bp.blogspot.com\/-fkEBjsY9M5A\/VW33JTua9II\/AAAAAAAAEk0\/LIdeeJ7ouXQ\/s1600\/ape1-2.jpg\" style=\"clear: left;float: left;margin-bottom: 1em;margin-right: 1em\"><img loading=\"lazy\" decoding=\"async\" border=\"0\" height=\"226\" src=\"http:\/\/2.bp.blogspot.com\/-fkEBjsY9M5A\/VW33JTua9II\/AAAAAAAAEk0\/LIdeeJ7ouXQ\/s320\/ape1-2.jpg\" width=\"320\" \/><\/a><\/div>\n<p><span style=\"font-family: Verdana, sans-serif\">Las movilizaciones contra los femicidios contar\u00e1n con el apoyo de los diversos gobiernos, tanto nacionales, como provinciales y municipales bajo la consigna \u201cNi una menos\u201d. Algo fundamental, necesario y que ojal\u00e1 contenga millones.<br \/> \u00bfPero podr\u00e1 la movilizaci\u00f3n extraordinaria superar y transformar la realidad ordinaria y cotidiana en cada punto de la Argentina?. <\/p>\n<p><span style=\"font-size: x-small\">[Por Carlos Del Frade]<\/span><\/span><span style=\"font-family: Verdana, sans-serif\">En las \u00faltimas horas, por ejemplo, en el segundo territorio de la Argentina, en la provincia de Santa Fe, se conocieron hechos que tienen como v\u00edctimas a las mujeres como consecuencia de injusticias estructurales y negocios mafiosos. Cosas que jam\u00e1s parecen ser modificados por los bellos discursos.<\/p>\n<p>En el norte profundo de la provincia, en la zona de Reconquista, en la isla de Guaycur\u00fa, los medios informaron que en la tarde del viernes 29 de mayo, \u201cla Guardia Rural Los Pumas prest\u00f3 colaboraci\u00f3n con el Nodo de Salud poniendo a disposici\u00f3n su lancha y personal para la b\u00fasqueda y traslado de una nena de diez a\u00f1os desde la Isla Guaycur\u00fa al Hospital de Reconquista. Dicen que la menor de 10 a\u00f1os concurre frecuentemente alcoholizada a la escuela por lo que qued\u00f3 internada. El traslado se hizo en compa\u00f1\u00eda de la madre y un m\u00e9dico pediatra del hospital\u201d, sostiene la escueta informaci\u00f3n que apareci\u00f3 en los portales de la ciudad de Reconquista, la ciudad cabecera de uno de los tres departamentos del norte santafesino. <\/span><a name='more'><\/a><span style=\"font-family: Verdana, sans-serif\"><br \/>Por otro lado, en la tierra del poderoso presidente de la Suprema Corte de Justicia de la Naci\u00f3n, Ricardo Lorenzetti, en la ciudad de Rafaela, una vez m\u00e1s es desarticulada una banda vinculada a la explotaci\u00f3n y trata de personas.<\/p>\n<p>De acuerdo a lo publicado, la Secretar\u00eda de Delitos Complejos realiz\u00f3 10 allanamientos simult\u00e1neos en Rafaela y Bella Italia. Las v\u00edctimas asistidas tienen entre 18 y 39 a\u00f1os y detuvieron a nueve personas investigadas por explotaci\u00f3n econ\u00f3mica y facilitamiento de la prostituci\u00f3n<\/p>\n<p>La investigaci\u00f3n se inici\u00f3 en abril pasado, a partir de un an\u00f3nimo que lleg\u00f3 a la delegaci\u00f3n que la Agencia de Investigaciones sobre Trata de Personas (AITP) tiene en Rafaela.<\/p>\n<p>Nueve de los allanamientos se concretaron en la ciudad de Rafaela, en domicilios particulares y en lugares donde eran explotadas las v\u00edctimas, todos ubicados en tres cuadras consecutivas de calle Ram\u00f3n y Cajal. El restante, fue en una vivienda de Tucum\u00e1n al 300, en Bella Italia.<\/p>\n<p>Como resultado, fueron asistidas 10 mujeres de entre 18 y 39 a\u00f1os oriundas de la ciudad de Santa Fe y de Rafaela, quienes se encontraban en situaci\u00f3n de explotaci\u00f3n.<\/p>\n<p>Estas explotaciones sexuales y de g\u00e9nero que luego pueden desembocar en los femicidios no forman parte de una realidad extra\u00f1a o anormal. Est\u00e1n insertas en un mapa cotidiano en la provincia de Santa Fe donde los n\u00fameros oficiales dan cuenta del mayor peso de injusticia con que cargan las mujeres en su devenir hist\u00f3rico en estos atribulados d\u00edas del tercer milenio.<\/p>\n<p>No hace mucho tiempo atr\u00e1s, el Instituto Provincial de Estad\u00edsticas y Censo, marcaba que las que m\u00e1s sufr\u00edan la falta de descuento jubilatorio en el Gran Rosario eran las mujeres en el orden del 34,3 por ciento; siendo del 33,9 por ciento en el Gran Santa Fe y 32,5 por ciento en el aglomerado Villa Constituci\u00f3n \u2013 San Nicol\u00e1s.<\/p>\n<p>Las m\u00e1s precarizadas, entonces, en la vida cotidiana ser\u00e1n las que sufran los mayores vej\u00e1menes. Es casi una perversa pero muy concreta partida doble de la realidad social, econ\u00f3mica y pol\u00edtica de la regi\u00f3n.<\/p>\n<p>En el Gran Rosario, adem\u00e1s, el 55 por ciento de los desocupados son mujeres, de all\u00ed que siempre habr\u00e1 una m\u00e1s hasta tanto no se deje de lado la hipocres\u00eda, los discursos de ocasi\u00f3n y que, de una buena vez y por todas, se constituya una herramienta pol\u00edtica que supere esta instancia de ferocidad que tiene el capitalismo en estos rincones del cosmos.<\/p>\n<p>Bienvenida la marcha \u201cNi una menos\u201d, como tambi\u00e9n es fundamental alumbrar la conciencia de lo que sucede todos los d\u00edas en cada punto de la geograf\u00eda, no solamente santafesina, sino tambi\u00e9n argentina.<\/span><\/p>\n<p><span style=\"color: blue;font-family: Verdana, sans-serif\">Fuente: Agencia Pelota de Trapo, Producci\u00f3n Riachuelo<\/span><\/p>\n","protected":false},"excerpt":{"rendered":"<p>VIOLENCIALa cotidiana guerra contra las mujeres Las movilizaciones contra los femicidios contar\u00e1n con el apoyo de los diversos gobiernos, tanto nacionales, como provinciales y municipales bajo la consigna \u201cNi una menos\u201d. Algo fundamental, necesario y que ojal\u00e1 contenga millones. \u00bfPero podr\u00e1 la movilizaci\u00f3n extraordinaria superar y transformar la realidad ordinaria y cotidiana en cada punto [&hellip;]<\/p>\n","protected":false},"author":4,"featured_media":0,"comment_status":"open","ping_status":"open","sticky":false,"template":"","format":"standard","meta":{"_monsterinsights_skip_tracking":false,"_monsterinsights_sitenote_active":false,"_monsterinsights_sitenote_note":"","_monsterinsights_sitenote_category":0,"jnews-multi-image_gallery":[],"jnews_single_post":{"format":"standard"},"jnews_primary_category":[],"_joinchat":[],"footnotes":""},"categories":[58],"tags":[100],"class_list":["post-397","post","type-post","status-publish","format-standard","hentry","category-noticiariachuelo","tag-violencia-de-genero"],"_links":{"self":[{"href":"http:\/\/fmriachuelo.it10.com.ar\/index.php\/wp-json\/wp\/v2\/posts\/397","targetHints":{"allow":["GET"]}}],"collection":[{"href":"http:\/\/fmriachuelo.it10.com.ar\/index.php\/wp-json\/wp\/v2\/posts"}],"about":[{"href":"http:\/\/fmriachuelo.it10.com.ar\/index.php\/wp-json\/wp\/v2\/types\/post"}],"author":[{"embeddable":true,"href":"http:\/\/fmriachuelo.it10.com.ar\/index.php\/wp-json\/wp\/v2\/users\/4"}],"replies":[{"embeddable":true,"href":"http:\/\/fmriachuelo.it10.com.ar\/index.php\/wp-json\/wp\/v2\/comments?post=397"}],"version-history":[{"count":1,"href":"http:\/\/fmriachuelo.it10.com.ar\/index.php\/wp-json\/wp\/v2\/posts\/397\/revisions"}],"predecessor-version":[{"id":23507,"href":"http:\/\/fmriachuelo.it10.com.ar\/index.php\/wp-json\/wp\/v2\/posts\/397\/revisions\/23507"}],"wp:attachment":[{"href":"http:\/\/fmriachuelo.it10.com.ar\/index.php\/wp-json\/wp\/v2\/media?parent=397"}],"wp:term":[{"taxonomy":"category","embeddable":true,"href":"http:\/\/fmriachuelo.it10.com.ar\/index.php\/wp-json\/wp\/v2\/categories?post=397"},{"taxonomy":"post_tag","embeddable":true,"href":"http:\/\/fmriachuelo.it10.com.ar\/index.php\/wp-json\/wp\/v2\/tags?post=397"}],"curies":[{"name":"wp","href":"https:\/\/api.w.org\/{rel}","templated":true}]}}