{"id":3965,"date":"2017-03-20T00:02:47","date_gmt":"2017-03-20T00:02:47","guid":{"rendered":"http:\/\/fmriachuelo.com.ar\/ljkjklj\/?p=3965"},"modified":"2017-03-20T00:02:47","modified_gmt":"2017-03-20T00:02:47","slug":"persecusion-politica-a-estudiante-en-escuela-rogelio-yrurtia","status":"publish","type":"post","link":"http:\/\/fmriachuelo.it10.com.ar\/index.php\/2017\/03\/20\/persecusion-politica-a-estudiante-en-escuela-rogelio-yrurtia\/","title":{"rendered":"PERSECUSI\u00d3N POL\u00cdTICA A ESTUDIANTE EN ESCUELA ROGELIO YRURTIA,"},"content":{"rendered":"<p>[FM Riachuelo 20\/03\/2017] Dejan sin vacante a una alumna de la escuela secundaria Rogelio Yrurtia,\u00a0en un acto de persecusi\u00f3n pol\u00edtica contra una estudiante que ejerc\u00eda el derecho leg\u00edtimo a la representaci\u00f3n estudiantil. Se suma a la persecuci\u00f3n que se viene ejerciendo contra los trabajadores de la educaci\u00f3n\u00a0que est\u00e1n en acciones de protesta y a las expresiones de los gobernantes que piden la identificaci\u00f3n pol\u00edtica de los mismos.<\/p>\n<p>En la tarde de hoy en los programas<strong><span style=\"color: #008000\"> Al Gran Pueblo Salud<\/span> <\/strong>y <span style=\"color: #ff0000\"><strong>Rompe el Cerco Informativo<\/strong><\/span>, entrevistaron a Malena Briones, alumna excluida de la institucion y Belen de la organizacion que nuclea a los estudiantes OLP Simon Bolivar, que nos relataron a situaci\u00f3n que bajo un excusa sin justificaci\u00f3n intenta privar del derecho a la educaci\u00f3n a la alumna de una escuela p\u00fablica y al mismo tiempo se inscribe en las pol\u00edtica educativas y de persecusion del gobierno actual.<\/p>\n<p>[Revista Venceremos 19\/03\/2017] La persecuci\u00f3n pol\u00edtica ya est\u00e1 en las escuelas secundarias. As\u00ed es el caso de Malena, una militante y estudiante de la escuela de bellas artes Rogelio Yrurtia, a quien luego de repetir 4to a\u00f1o le est\u00e1 siendo negada una vacante. En un contexto de \u00a0recrudecimiento de la persecuci\u00f3n pol\u00edtica contra las organizaciones sociales, gremiales y pol\u00edticas, buscan echar de una escuela p\u00fablica a un piba por su militancia.<\/p>\n<p>La raz\u00f3n ofrecida por los directivos para negar la vacante es la falta de lugar en los cursos, lo cual resulta dif\u00edcil de creer, ya que a todos las y los estudiantes que repitieron ese mismo a\u00f1o les fue entregada una vacante, a excepci\u00f3n de Malena. Las vacantes deben ser garantizadas a aquellos alumnos que repitan por primera vez, como en este caso, por el art\u00edculo 32 del reglamento escolar.<\/p>\n<p>Cuando fue a reclamar a la escuela, las autoridades le dijeron a Malena que, adem\u00e1s de la falta de lugar, la decisi\u00f3n de no aceptarla ten\u00eda que ver con su \u201cmala conducta\u201d. No deber\u00eda hacer falta aclarar que con \u201cmala conducta\u201d, se est\u00e1n refiriendo a su militancia en una organizaci\u00f3n pol\u00edtica y a la participaci\u00f3n en el centro de estudiantes.<\/p>\n<p>Esto fue expresado m\u00e1s claramente por una profesora del mismo colegio, quien dijo durante una reuni\u00f3n:<\/p>\n<p>\u201c<i>Hay que descabezar a la cabecilla del centro de estudiantes.<\/i>\u201d<\/p>\n<p>Sin pelos en la lengua, se refiere a Malena.<\/p>\n<p>De esta manera en algunas escuelas se busca desalentar y penalizar la militancia. La semana pasada, la polic\u00eda irrumpi\u00f3 en una escuela de La Matanza pidiendo la lista de los docentes que estaban de paro; ahora se persigue a una piba por militar en una organizaci\u00f3n pol\u00edtica y ser una referente del centro de estudiantes. Las y los estudiantes del Yrurtia, como de otros colegios, realizar\u00e1n diferentes acciones en los pr\u00f3ximos d\u00edas para intentar frenar que la persecuci\u00f3n pol\u00edtica se propague tambi\u00e9n en las escuelas.<\/p>\n<p>&nbsp;<\/p>\n<p>&nbsp;<\/p>\n","protected":false},"excerpt":{"rendered":"<p>[FM Riachuelo 20\/03\/2017] Dejan sin vacante a una alumna de la escuela secundaria Rogelio Yrurtia,\u00a0en un acto de persecusi\u00f3n pol\u00edtica contra una estudiante que ejerc\u00eda el derecho leg\u00edtimo a la representaci\u00f3n estudiantil. Se suma a la persecuci\u00f3n que se viene ejerciendo contra los trabajadores de la educaci\u00f3n\u00a0que est\u00e1n en acciones de protesta y a las [&hellip;]<\/p>\n","protected":false},"author":4,"featured_media":3966,"comment_status":"open","ping_status":"open","sticky":false,"template":"","format":"standard","meta":{"_monsterinsights_skip_tracking":false,"_monsterinsights_sitenote_active":false,"_monsterinsights_sitenote_note":"","_monsterinsights_sitenote_category":0,"jnews-multi-image_gallery":[],"jnews_single_post":[],"jnews_primary_category":[],"_joinchat":[],"footnotes":""},"categories":[78,76],"tags":[],"class_list":["post-3965","post","type-post","status-publish","format-standard","has-post-thumbnail","hentry","category-economia-popular","category-salud-comunitaria"],"_links":{"self":[{"href":"http:\/\/fmriachuelo.it10.com.ar\/index.php\/wp-json\/wp\/v2\/posts\/3965","targetHints":{"allow":["GET"]}}],"collection":[{"href":"http:\/\/fmriachuelo.it10.com.ar\/index.php\/wp-json\/wp\/v2\/posts"}],"about":[{"href":"http:\/\/fmriachuelo.it10.com.ar\/index.php\/wp-json\/wp\/v2\/types\/post"}],"author":[{"embeddable":true,"href":"http:\/\/fmriachuelo.it10.com.ar\/index.php\/wp-json\/wp\/v2\/users\/4"}],"replies":[{"embeddable":true,"href":"http:\/\/fmriachuelo.it10.com.ar\/index.php\/wp-json\/wp\/v2\/comments?post=3965"}],"version-history":[{"count":0,"href":"http:\/\/fmriachuelo.it10.com.ar\/index.php\/wp-json\/wp\/v2\/posts\/3965\/revisions"}],"wp:featuredmedia":[{"embeddable":true,"href":"http:\/\/fmriachuelo.it10.com.ar\/index.php\/wp-json\/"}],"wp:attachment":[{"href":"http:\/\/fmriachuelo.it10.com.ar\/index.php\/wp-json\/wp\/v2\/media?parent=3965"}],"wp:term":[{"taxonomy":"category","embeddable":true,"href":"http:\/\/fmriachuelo.it10.com.ar\/index.php\/wp-json\/wp\/v2\/categories?post=3965"},{"taxonomy":"post_tag","embeddable":true,"href":"http:\/\/fmriachuelo.it10.com.ar\/index.php\/wp-json\/wp\/v2\/tags?post=3965"}],"curies":[{"name":"wp","href":"https:\/\/api.w.org\/{rel}","templated":true}]}}