{"id":3961,"date":"2017-03-19T03:56:42","date_gmt":"2017-03-19T03:56:42","guid":{"rendered":"http:\/\/fmriachuelo.com.ar\/ljkjklj\/?p=3961"},"modified":"2017-03-19T03:56:42","modified_gmt":"2017-03-19T03:56:42","slug":"elosovivelaluchasigue-homenaje-a-la-vida-y-la-militancia-de-martin-oso-cisneros","status":"publish","type":"post","link":"http:\/\/fmriachuelo.it10.com.ar\/index.php\/2017\/03\/19\/elosovivelaluchasigue-homenaje-a-la-vida-y-la-militancia-de-martin-oso-cisneros\/","title":{"rendered":"#ElOsoViveLaLuchaSigue HOMENAJE A LA VIDA Y LA MILITANCIA DE MART\u00cdN \u00abOSO\u00bb CISNEROS"},"content":{"rendered":"<p>[FM Riachuelo 18\/03\/2017] La Organizaci\u00f3n Social y Pol\u00edtica Los Pibes invita al homenaje al militante Mart\u00edn \u00abOso\u00bb Cisneros, en el d\u00eda de su natalicio, 22 de marzo a las 19 hs. en Suarez 421. Escuch\u00e1 a continuaci\u00f3n el testimonio de Nadia Martinez, directora de FM Riachuelo y militante de O.S.y P. Los Pibes:<\/p>\n<div>Compa\u00f1er@s,<\/div>\n<div>A partir de la suspensi\u00f3n del juicio y en agradecimiento a todas las manifestaciones de solidaridad y apoyo que hemos recibido para manifestarnos activamente en una decidida demostraci\u00f3n de unidad el 21 de marzo, en lo que iba a ser una \u201cjornada de lucha contra la criminalizaci\u00f3n de la protesta\u201d en la puerta de los tribunales de Comodoro Py, queremos compartir con ustedes esta nueva convocatoria.<\/div>\n<div>Un homenaje a la vida y el compromiso militante de nuestro compa\u00f1ero el Oso, el pr\u00f3ximo 22 de marzo, d\u00eda de su cumplea\u00f1os, a las 19 horas en la sede de Los Pibes de la calle Su\u00e1rez 421 donde Mart\u00edn coordinaba el emprendimiento de la panader\u00eda.<\/div>\n<div>Porque todas las razones por las que el poder nos quer\u00eda enjuiciar mantienen su vigencia, porque, aunque no haya nueva fecha de juicio, esa injusticia sigue siendo una posibilidad abierta y porque es sumamente importante y urgente seguir generando un marco de unidad para la lucha y las batallas que nuestro pueblo tiene por delante.<\/div>\n","protected":false},"excerpt":{"rendered":"<p>[FM Riachuelo 18\/03\/2017] La Organizaci\u00f3n Social y Pol\u00edtica Los Pibes invita al homenaje al militante Mart\u00edn \u00abOso\u00bb Cisneros, en el d\u00eda de su natalicio, 22 de marzo a las 19 hs. en Suarez 421. Escuch\u00e1 a continuaci\u00f3n el testimonio de Nadia Martinez, directora de FM Riachuelo y militante de O.S.y P. Los Pibes: Compa\u00f1er@s, A [&hellip;]<\/p>\n","protected":false},"author":4,"featured_media":3962,"comment_status":"open","ping_status":"open","sticky":false,"template":"","format":"standard","meta":{"_monsterinsights_skip_tracking":false,"_monsterinsights_sitenote_active":false,"_monsterinsights_sitenote_note":"","_monsterinsights_sitenote_category":0,"jnews-multi-image_gallery":[],"jnews_single_post":[],"jnews_primary_category":[],"_joinchat":[],"footnotes":""},"categories":[78,76,77],"tags":[],"class_list":["post-3961","post","type-post","status-publish","format-standard","has-post-thumbnail","hentry","category-economia-popular","category-salud-comunitaria","category-soberania"],"_links":{"self":[{"href":"http:\/\/fmriachuelo.it10.com.ar\/index.php\/wp-json\/wp\/v2\/posts\/3961","targetHints":{"allow":["GET"]}}],"collection":[{"href":"http:\/\/fmriachuelo.it10.com.ar\/index.php\/wp-json\/wp\/v2\/posts"}],"about":[{"href":"http:\/\/fmriachuelo.it10.com.ar\/index.php\/wp-json\/wp\/v2\/types\/post"}],"author":[{"embeddable":true,"href":"http:\/\/fmriachuelo.it10.com.ar\/index.php\/wp-json\/wp\/v2\/users\/4"}],"replies":[{"embeddable":true,"href":"http:\/\/fmriachuelo.it10.com.ar\/index.php\/wp-json\/wp\/v2\/comments?post=3961"}],"version-history":[{"count":0,"href":"http:\/\/fmriachuelo.it10.com.ar\/index.php\/wp-json\/wp\/v2\/posts\/3961\/revisions"}],"wp:featuredmedia":[{"embeddable":true,"href":"http:\/\/fmriachuelo.it10.com.ar\/index.php\/wp-json\/"}],"wp:attachment":[{"href":"http:\/\/fmriachuelo.it10.com.ar\/index.php\/wp-json\/wp\/v2\/media?parent=3961"}],"wp:term":[{"taxonomy":"category","embeddable":true,"href":"http:\/\/fmriachuelo.it10.com.ar\/index.php\/wp-json\/wp\/v2\/categories?post=3961"},{"taxonomy":"post_tag","embeddable":true,"href":"http:\/\/fmriachuelo.it10.com.ar\/index.php\/wp-json\/wp\/v2\/tags?post=3961"}],"curies":[{"name":"wp","href":"https:\/\/api.w.org\/{rel}","templated":true}]}}