{"id":395,"date":"2015-06-03T02:50:00","date_gmt":"2015-06-03T02:50:00","guid":{"rendered":"http:\/\/fmriachuelo.observatorioess.org.ar\/index.php\/2015\/06\/03\/venezuela-avance-en-las-investigaciones-sobre-el-asesinato-de-robert-serra\/"},"modified":"2025-03-31T15:24:40","modified_gmt":"2025-03-31T18:24:40","slug":"venezuela-avance-en-las-investigaciones-sobre-el-asesinato-de-robert-serra","status":"publish","type":"post","link":"http:\/\/fmriachuelo.it10.com.ar\/index.php\/2015\/06\/03\/venezuela-avance-en-las-investigaciones-sobre-el-asesinato-de-robert-serra\/","title":{"rendered":"VENEZUELA: AVANCE EN LAS INVESTIGACIONES SOBRE EL ASESINATO DE ROBERT SERRA"},"content":{"rendered":"<p><span style=\"font-family: Verdana, sans-serif;font-size: large\"><strong><span style=\"color: red\">MERCENARIOS AL SERVICIO DE OSCUROS INTERESES DE LA DERECHA<\/span> <span style=\"color: red\">COLOMBIANA<\/span><\/strong><\/span><br \/><span style=\"font-family: Verdana, sans-serif;font-size: large\"><strong>Asesino del diputado venezolano Robert Serra est\u00e1 vinculado con \u00c1lvaro Uribe<\/strong><\/span><\/p>\n<div style=\"clear: both;text-align: center\"><a href=\"http:\/\/3.bp.blogspot.com\/-ng91K7bUoCU\/VW5qPKXlJLI\/AAAAAAAAElU\/yJWSKIaNIkg\/s1600\/JULITO.jpg\" style=\"clear: left;float: left;margin-bottom: 1em;margin-right: 1em\"><img loading=\"lazy\" decoding=\"async\" border=\"0\" height=\"247\" src=\"http:\/\/3.bp.blogspot.com\/-ng91K7bUoCU\/VW5qPKXlJLI\/AAAAAAAAElU\/yJWSKIaNIkg\/s320\/JULITO.jpg\" width=\"320\" \/><\/a><\/div>\n<div style=\"text-align: justify\"><span style=\"font-family: Verdana, sans-serif\">El presidente de Venezuela, Nicol\u00e1s Maduro, inform\u00f3 este martes que Julio V\u00e9lez, la mano derecha del expresidente colombiano \u00c1lvaro Uribe V\u00e9lez en la frontera, dirigi\u00f3 el asesinato del diputado venezolano Robert Serra. <\/p>\n<p>Revel\u00f3 que Julio V\u00e9lez es pr\u00f3fugo de la justicia en Colombia, su pa\u00eds natal, y entreg\u00f3 el dinero y dirigi\u00f3 todo el proceso para asesinar al diputado Robert Serra, adem\u00e1s de estar vinculado con cr\u00edmenes y delitos contra Venezuela.&nbsp;<br \/>&nbsp;&nbsp;&nbsp;&nbsp;&nbsp;&nbsp;&nbsp;&nbsp;&nbsp;&nbsp;&nbsp;&nbsp;&nbsp;&nbsp;&nbsp;&nbsp;&nbsp;&nbsp;&nbsp;&nbsp;&nbsp;&nbsp;&nbsp;&nbsp;&nbsp;&nbsp;&nbsp;&nbsp;&nbsp;&nbsp;&nbsp;&nbsp;&nbsp;&nbsp;&nbsp;&nbsp;&nbsp;&nbsp;&nbsp;&nbsp;&nbsp;&nbsp;&nbsp;&nbsp;&nbsp;&nbsp;&nbsp;&nbsp;&nbsp;&nbsp;&nbsp;&nbsp;&nbsp;&nbsp;&nbsp;&nbsp;&nbsp;&nbsp; <\/p>\n<p>\u201cPido apoyo a todo el pueblo y \u00f3rganos de justicia que aporten todos los datos necesario a la polic\u00eda de Colombia para su captura\u201d, manifest\u00f3 el mandatario. <\/p>\n<p>El abogado de \u00c1lvaro Uribe, Jaime Granado, se encarg\u00f3 personalmente de la defensa de Julio V\u00e9lez, cuando fue acusado de asesinar a su esposa en Colombia, detall\u00f3 el presidente Maduro. <br \/>                                 <\/span><a name='more'><\/a><span style=\"font-family: Verdana, sans-serif\"><\/p>\n<p>Asimismo, expres\u00f3 este martes su agradecimiento al Gobierno de Colombia por la extradici\u00f3n de <\/span><span style=\"font-family: Verdana, sans-serif\">Leiver Padilla Mendoza,<\/span><span style=\"font-family: Verdana, sans-serif\"> alias El Colombia, por el asesinato del diputado Robert Serra. <\/p>\n<p>\u201cVamos a adelantar por todos los entes, vamos a ir por la calle del medio, este pueblo necesita la verdad siempre la verdad\u201d, dijo Maduro. <\/p>\n<p>Afirm\u00f3 que El Colombia qued\u00f3 plenamente identificado en la investigaci\u00f3n como uno de los autores que desde el vecino pa\u00eds dirige acciones delictivas contra Venezuela, adem\u00e1s de ser se\u00f1alado de manera directa por todos los autores materiales del hecho como la persona que pag\u00f3 y garantiz\u00f3 los pasos para el asesinato del diputado.  <\/p>\n<p>Tras las declaraciones de Maduro, el expresidente colombiano \u00c1lvaro Uribe V\u00e9lez replic\u00f3 r\u00e1pidamente a trav\u00e9s de su cuenta en la red social Twitter @AlvaroUribeVel que las \u201cacusaciones\u201d hechas por el mandatario venezolano lo estimulan a apoyar la lucha contra el Gobierno revolucionario. En respuesta, el mandatario venezolano reafirm\u00f3 que Julito V\u00e9lez, mano derecha de Uribe en C\u00facuta, dirigi\u00f3, financi\u00f3 y prepar\u00f3 todo el proceso para captar al jefe de escoltas del diputado Robert Serra con el objetivo de que dirigiera el asesinato.<\/p>\n<p><strong>CONTEXTO <\/strong><br \/>El pasado 1 de octubre, Robert Serra, el parlamentario m\u00e1s joven de Venezuela, fue asesinado en su lugar de residencia, ubicado en La Pastora (oeste de Caracas) junto a su compa\u00f1era. Pocas semanas despu\u00e9s la justicia venezolana logr\u00f3 determinar qui\u00e9nes eran los responsables del asesinato. Entre los inculpados se encuentra <\/span><span style=\"font-family: Verdana, sans-serif\">Leiver Padilla Mendoza<\/span><span style=\"font-family: Verdana, sans-serif\">, de nacionalidad colombo-venezolana, quien seg\u00fan investigaciones lider\u00f3 el grupo que cometi\u00f3 el crimen a cambio de 250 mil d\u00f3lares. <\/p>\n<p><span style=\"color: blue\">Fuente: Telesur, Producci\u00f3n Riachuelo<\/span><\/span><\/div>\n","protected":false},"excerpt":{"rendered":"<p>MERCENARIOS AL SERVICIO DE OSCUROS INTERESES DE LA DERECHA COLOMBIANAAsesino del diputado venezolano Robert Serra est\u00e1 vinculado con \u00c1lvaro Uribe El presidente de Venezuela, Nicol\u00e1s Maduro, inform\u00f3 este martes que Julio V\u00e9lez, la mano derecha del expresidente colombiano \u00c1lvaro Uribe V\u00e9lez en la frontera, dirigi\u00f3 el asesinato del diputado venezolano Robert Serra. Revel\u00f3 que Julio [&hellip;]<\/p>\n","protected":false},"author":4,"featured_media":0,"comment_status":"open","ping_status":"open","sticky":false,"template":"","format":"standard","meta":{"_monsterinsights_skip_tracking":false,"_monsterinsights_sitenote_active":false,"_monsterinsights_sitenote_note":"","_monsterinsights_sitenote_category":0,"jnews-multi-image_gallery":[],"jnews_single_post":{"format":"standard"},"jnews_primary_category":[],"_joinchat":[],"footnotes":""},"categories":[58],"tags":[70],"class_list":["post-395","post","type-post","status-publish","format-standard","hentry","category-noticiariachuelo","tag-de-la-patria-grande"],"_links":{"self":[{"href":"http:\/\/fmriachuelo.it10.com.ar\/index.php\/wp-json\/wp\/v2\/posts\/395","targetHints":{"allow":["GET"]}}],"collection":[{"href":"http:\/\/fmriachuelo.it10.com.ar\/index.php\/wp-json\/wp\/v2\/posts"}],"about":[{"href":"http:\/\/fmriachuelo.it10.com.ar\/index.php\/wp-json\/wp\/v2\/types\/post"}],"author":[{"embeddable":true,"href":"http:\/\/fmriachuelo.it10.com.ar\/index.php\/wp-json\/wp\/v2\/users\/4"}],"replies":[{"embeddable":true,"href":"http:\/\/fmriachuelo.it10.com.ar\/index.php\/wp-json\/wp\/v2\/comments?post=395"}],"version-history":[{"count":1,"href":"http:\/\/fmriachuelo.it10.com.ar\/index.php\/wp-json\/wp\/v2\/posts\/395\/revisions"}],"predecessor-version":[{"id":23509,"href":"http:\/\/fmriachuelo.it10.com.ar\/index.php\/wp-json\/wp\/v2\/posts\/395\/revisions\/23509"}],"wp:attachment":[{"href":"http:\/\/fmriachuelo.it10.com.ar\/index.php\/wp-json\/wp\/v2\/media?parent=395"}],"wp:term":[{"taxonomy":"category","embeddable":true,"href":"http:\/\/fmriachuelo.it10.com.ar\/index.php\/wp-json\/wp\/v2\/categories?post=395"},{"taxonomy":"post_tag","embeddable":true,"href":"http:\/\/fmriachuelo.it10.com.ar\/index.php\/wp-json\/wp\/v2\/tags?post=395"}],"curies":[{"name":"wp","href":"https:\/\/api.w.org\/{rel}","templated":true}]}}