{"id":3945,"date":"2017-03-16T14:05:27","date_gmt":"2017-03-16T14:05:27","guid":{"rendered":"http:\/\/fmriachuelo.com.ar\/ljkjklj\/?p=3945"},"modified":"2017-03-16T14:05:27","modified_gmt":"2017-03-16T14:05:27","slug":"jornada-de-cortes-y-olla-popular-en-la-boca","status":"publish","type":"post","link":"http:\/\/fmriachuelo.it10.com.ar\/index.php\/2017\/03\/16\/jornada-de-cortes-y-olla-popular-en-la-boca\/","title":{"rendered":"JORNADA DE CORTES Y OLLA POPULAR EN LA BOCA"},"content":{"rendered":"<p>[FM Riachuelo 16\/03\/2017] En el d\u00eda de ayer, el barrio de La Boca tambi\u00e9n fue escenario de uno de los 300 cortes de protesta que se realizaron en todo el pa\u00eds. Coordinado\u00a0por las organizaciones territoriales de la econom\u00eda popular, que se inscriben en la <em>Mesa Gremial 19 y 20 de la CTEP<\/em>, junto al <em>Frente Popular Dar\u00edo Santill\u00e1n, \u00a0agrupaciones y comedores barriales<\/em> marcharon hacia el Puente Nicol\u00e1s Avellaneda para efectivizar el corte con olla popular. Con una asistencia que se fue incrementando, a medida que pasaba el tiempo, en este corte confluyeron adem\u00e1s las organizaciones sindicales que representan a los trabajadores asalariados, Sutap, Ladrilleros. Tambi\u00e9n se sumaron los trabajadores docentes, que estaban en una jornada de Paro Nacional, nucleados en Ademys. Al mismo tiempo tambi\u00e9n participaron de la actividad de visibilizaci\u00f3n de la protesta social, agrupaciones de Dock Sud.<\/p>\n<p>Con una radio abierta organizada por FM Riachuelo se le di\u00f3 el micr\u00f3fono a los distintos participantes de la jornada. Escuch\u00e1 a continuaci\u00f3n las voces de referentes de la econom\u00eda popular, sindicales, de los trabajadores de la educaci\u00f3n, de comedores del barrio, organizaciones de estudiantes y mucho m\u00e1s a continuaci\u00f3n:<\/p>\n<p>En el barrio de La Boca la jornada de lucha de las organizaciones de la econom\u00eda popular, tambi\u00e9n se hizo sentir. Pasadas las 10 de la ma\u00f1ana las organizaciones sociales marcharon a cortar el Puente Nicol\u00e1s Avellaneda, \u00a0que une la ciudad a Dock Sud. Organizaciones sociales vinculadas a la econom\u00eda popular se movilizaron en unidad para hacer visibilizar el reclamo que se extendi\u00f3 a lo largo y ancho del pa\u00eds. El corte estuvo organizado por organizaciones de base que integran la Mesa 19 y 20 de la CTEP: O.S.yP. Los Pibes, Cooperativa de Vivienda Los Pibes, \u00a0O.L.P. Sim\u00f3n Bolivar, Casa Cultural El Patio, Fm Riachuelo, Paseo Mart\u00edn Oso Cisneros, Cooperativa Letra del Sur.<\/p>\n<p><img loading=\"lazy\" decoding=\"async\" class=\"alignnone wp-image-3946 size-thumbnail\" src=\"http:\/\/fmriachuelo.com.ar\/ljkjklj\/wp-content\/uploads\/2017\/03\/WhatsApp-Image-2017-03-15-at-11.36.58-150x150.jpeg\" alt=\"\" width=\"150\" height=\"150\" \/><img loading=\"lazy\" decoding=\"async\" class=\"alignnone wp-image-3947 size-thumbnail\" src=\"http:\/\/fmriachuelo.com.ar\/ljkjklj\/wp-content\/uploads\/2017\/03\/WhatsApp-Image-2017-03-15-at-12.51.42-150x150.jpeg\" alt=\"\" width=\"150\" height=\"150\" \/><img loading=\"lazy\" decoding=\"async\" class=\"alignnone wp-image-3950 size-thumbnail\" src=\"http:\/\/fmriachuelo.com.ar\/ljkjklj\/wp-content\/uploads\/2017\/03\/WhatsApp-Image-2017-03-15-at-12.57.28-150x150.jpeg\" alt=\"\" width=\"150\" height=\"150\" \/><\/p>\n<p>En los micr\u00f3fonos de FM Riachuelo, que hab\u00eda montado una radio abierta se pudieron escuchar las palabras de oficializaci\u00f3n del corte, que se iniciaron con\u00a0las palabras de Nadia Martinez. \u00a0A continuaci\u00f3n\u00a0se expresaron referentes sindicales del campo del trabajo, \u00a0de la econom\u00eda popular y asalariado, como Adolfo Barja del Sindicato \u00danico de Trabajadores Portuarios, Lito Borello secretario de DDHH de la CTEP (Mesa 19 y 20) Luis C\u00e1ceres del Sindicato de Ladrilleros, \u00a0 que coincidieron en se\u00f1alar la necesidad de mantener la unidad, con diferencias \u00abcontra un modelo de ajuste y exclusi\u00f3n que afecta a todos y todas\u00bb. Tambi\u00e9n hablaron referentes de las organizaciones de la econom\u00eda popular, como Jesica del Frente Popular Dar\u00edo Santill\u00e1n que expres\u00f3 la necesidad de que se implemente inmediatamente la Ley de Emergencia Social por la grave situaci\u00f3n en la que se encuentran miles de personas y Gabriela del Movimiento Popular La Dignidad.<\/p>\n<p><img loading=\"lazy\" decoding=\"async\" class=\"alignnone wp-image-3949 size-thumbnail\" src=\"http:\/\/fmriachuelo.com.ar\/ljkjklj\/wp-content\/uploads\/2017\/03\/WhatsApp-Image-2017-03-15-at-12.48.50-150x150.jpeg\" alt=\"\" width=\"150\" height=\"150\" \/><img loading=\"lazy\" decoding=\"async\" class=\"alignnone wp-image-3948 size-thumbnail\" src=\"http:\/\/fmriachuelo.com.ar\/ljkjklj\/wp-content\/uploads\/2017\/03\/WhatsApp-Image-2017-03-15-at-13.14.37-150x150.jpeg\" alt=\"\" width=\"150\" height=\"150\" \/><img loading=\"lazy\" decoding=\"async\" class=\"alignnone wp-image-3953 size-thumbnail\" src=\"http:\/\/fmriachuelo.com.ar\/ljkjklj\/wp-content\/uploads\/2017\/03\/WhatsApp-Image-2017-03-15-at-12.40.50-150x150.jpeg\" alt=\"\" width=\"150\" height=\"150\" \/><\/p>\n<p>Tambi\u00e9n se sumaron las voces de las agrupaciones barriales como comedores, cooperativas de vivienda que expresaron las condiciones de necesidad y precariedad que d\u00eda a d\u00eda aumentan. Adem\u00e1s se destac\u00f3 la presencia en esta\u00a0jornada de visibilizaci\u00f3n de la protesta social, los trabajadores docentes, que estaban realizando una de las dos jornadas de Paro Nacional Docente, que con una columna ingresaron a sumarse a la protesta.<\/p>\n<p><img loading=\"lazy\" decoding=\"async\" class=\"alignnone wp-image-3951 size-thumbnail\" src=\"http:\/\/fmriachuelo.com.ar\/ljkjklj\/wp-content\/uploads\/2017\/03\/WhatsApp-Image-2017-03-15-at-12.57.02-150x150.jpeg\" alt=\"\" width=\"150\" height=\"150\" \/><img loading=\"lazy\" decoding=\"async\" class=\"alignnone wp-image-3952 size-thumbnail\" src=\"http:\/\/fmriachuelo.com.ar\/ljkjklj\/wp-content\/uploads\/2017\/03\/WhatsApp-Image-2017-03-15-at-12.59.01-150x150.jpeg\" alt=\"\" width=\"150\" height=\"150\" \/><img loading=\"lazy\" decoding=\"async\" class=\"alignnone wp-image-3950 size-thumbnail\" src=\"http:\/\/fmriachuelo.com.ar\/ljkjklj\/wp-content\/uploads\/2017\/03\/WhatsApp-Image-2017-03-15-at-12.57.28-150x150.jpeg\" alt=\"\" width=\"150\" height=\"150\" \/><\/p>\n<p>Cruzaron el Puente Nicolas Avellaneda algunas organizaciones de Dock Sud para sumarse al corte y que se expresaron en los micr\u00f3fonos de <strong><span style=\"color: #ff0000\">FM Riachuelo<\/span><\/strong>. Entre los presentes al mismo tiempo una importante columna de Encuentro Nacional Latinoamericano sum\u00f3 su presencia para participar de la jornada.<\/p>\n<p>El barrio de La Boca, a trav\u00e9s de las organizaciones de base de la Mesa Gremial 19 y 20 de la CTEP sum\u00f3 sus reivindicaciones a la general de implementaci\u00f3n de la Ley de Emergencia Social. Las mismas son:<\/p>\n<p>IMPLEMENTACI\u00d3N YA DE LA LEY DE EMERGENCIA SOCIAL QUE ESTABLECE EL SALARIO SOCIAL COMPLEMENTARIO (SSC), PARITARIAS SOCIALES Y OBRA SOCIAL PARA LOS TRABAJADORES DE LA ECONOM\u00cdA POPULAR.<\/p>\n<p>EL CESE DE LA PERSECUCI\u00d3N Y LA CRIMINALIZACION DE LAS ORGANIZACIONES POPULARES. POR EL INMEDIATO SOBRESEIMIENTO DE LITO BORELLO, SECRETARIO DE DDHH DE LA CTEP. EXIGIMOS TAMBI\u00c9N JUSTICIA POR DAR\u00cdO \u201cIKI\u201d JULI\u00c1N, C\u00c9SAR M\u00c9NDEZ Y TODOS LOS MILITANTES POPULARES ASESINADOS, Y TODOS LOS LUCHADORES POPULARES CRIMINALIZADOS, HOSTIGADOS Y AMENAZADOS.<\/p>\n<p>EL CESE DEL AJUSTE Y LOS INCUMPLIMIENTOS DEL MINISTERIO DE TRABAJO QUE DESDE LA SECRETARIA DE EMPLEO QUE CONDUCE MIGUEL ANGEL PONTE SISTEMATICAMENTE OBSTACULIZAN EL ACCESO A LOS PROGRAMAS SOCIALES QUE GARANTIZAN EL SSC. RESTITUCI\u00d3N YA DE LOS PTA CA\u00cdDOS Y AMPLIACI\u00d3N DEL CUPO PARA LOS TRABAJADORES QUE VEN NEGADO SU ACCESO AL SSC.<\/p>\n<p>SUSPENSI\u00d3N DE TODOS LOS DESALOJOS EN LA CABA Y REAPERTURA Y PROFUNDIZACION DE LA OPERATORIA DE LA LEY 341 DE VIVIENDA POR AUTOGESTI\u00d3N Y AYUDA MUTUA.<\/p>\n<p>IMPLEMENTACION YA DE LA LEY NACIONAL DE CONSTRUCCI\u00d3N SOCIAL Y AUTOGESTIVA DEL HABITAT POPULAR.<\/p>\n<p>CESE DEL AHOGO ECON\u00d3MICO A LOS MEDIOS COMUNITARIOS. PAGO INMEDIATO DE LOS FOMECA ADEUDADOS Y RESOLUCI\u00d3N URGENTE DE LOS FOMECA 2016.<\/p>\n<p>CESE DE LOS INCUMPLIMIENTOS DEL MINISTERIO DE DESARROLLO SOCIAL DE LA NACION QUE DESDE LA SECRETARIA DE ABORDAJE TERRITORIAL OBSTACULIZA LA LLEGADA DE ALIMENTOS A LOS COMEDORES Y MERENDEROS<\/p>\n<p>&nbsp;<\/p>\n<p>&nbsp;<\/p>\n<p>Una de las 300 jornadas que se desarrollaron en todo el pa\u00eds, \u00a0 en el barrio de La Boca se hizo sentir y que a medida que pasaron las horas sum\u00f3 m\u00e1s y m\u00e1s personas que se concentraron para visibilizar la gran necesidad\u00a0que sufre el pueblo.<\/p>\n<p>&nbsp;<\/p>\n<p>&nbsp;<\/p>\n","protected":false},"excerpt":{"rendered":"<p>[FM Riachuelo 16\/03\/2017] En el d\u00eda de ayer, el barrio de La Boca tambi\u00e9n fue escenario de uno de los 300 cortes de protesta que se realizaron en todo el pa\u00eds. Coordinado\u00a0por las organizaciones territoriales de la econom\u00eda popular, que se inscriben en la Mesa Gremial 19 y 20 de la CTEP, junto al Frente [&hellip;]<\/p>\n","protected":false},"author":4,"featured_media":3947,"comment_status":"open","ping_status":"open","sticky":false,"template":"","format":"standard","meta":{"_monsterinsights_skip_tracking":false,"_monsterinsights_sitenote_active":false,"_monsterinsights_sitenote_note":"","_monsterinsights_sitenote_category":0,"jnews-multi-image_gallery":[],"jnews_single_post":[],"jnews_primary_category":[],"_joinchat":[],"footnotes":""},"categories":[78,76,75],"tags":[],"class_list":["post-3945","post","type-post","status-publish","format-standard","has-post-thumbnail","hentry","category-economia-popular","category-salud-comunitaria","category-trabajo"],"_links":{"self":[{"href":"http:\/\/fmriachuelo.it10.com.ar\/index.php\/wp-json\/wp\/v2\/posts\/3945","targetHints":{"allow":["GET"]}}],"collection":[{"href":"http:\/\/fmriachuelo.it10.com.ar\/index.php\/wp-json\/wp\/v2\/posts"}],"about":[{"href":"http:\/\/fmriachuelo.it10.com.ar\/index.php\/wp-json\/wp\/v2\/types\/post"}],"author":[{"embeddable":true,"href":"http:\/\/fmriachuelo.it10.com.ar\/index.php\/wp-json\/wp\/v2\/users\/4"}],"replies":[{"embeddable":true,"href":"http:\/\/fmriachuelo.it10.com.ar\/index.php\/wp-json\/wp\/v2\/comments?post=3945"}],"version-history":[{"count":0,"href":"http:\/\/fmriachuelo.it10.com.ar\/index.php\/wp-json\/wp\/v2\/posts\/3945\/revisions"}],"wp:featuredmedia":[{"embeddable":true,"href":"http:\/\/fmriachuelo.it10.com.ar\/index.php\/wp-json\/"}],"wp:attachment":[{"href":"http:\/\/fmriachuelo.it10.com.ar\/index.php\/wp-json\/wp\/v2\/media?parent=3945"}],"wp:term":[{"taxonomy":"category","embeddable":true,"href":"http:\/\/fmriachuelo.it10.com.ar\/index.php\/wp-json\/wp\/v2\/categories?post=3945"},{"taxonomy":"post_tag","embeddable":true,"href":"http:\/\/fmriachuelo.it10.com.ar\/index.php\/wp-json\/wp\/v2\/tags?post=3945"}],"curies":[{"name":"wp","href":"https:\/\/api.w.org\/{rel}","templated":true}]}}