{"id":3941,"date":"2017-03-16T02:48:52","date_gmt":"2017-03-16T02:48:52","guid":{"rendered":"http:\/\/fmriachuelo.com.ar\/ljkjklj\/?p=3941"},"modified":"2017-03-16T02:48:52","modified_gmt":"2017-03-16T02:48:52","slug":"jornada-de-lucha-de-movimientos-sociales-de-la-economia-popular-por-la-implementacion-inmediata-de-la-ley-de-emergencia-social","status":"publish","type":"post","link":"http:\/\/fmriachuelo.it10.com.ar\/index.php\/2017\/03\/16\/jornada-de-lucha-de-movimientos-sociales-de-la-economia-popular-por-la-implementacion-inmediata-de-la-ley-de-emergencia-social\/","title":{"rendered":"JORNADA DE LUCHA DE MOVIMIENTOS SOCIALES DE LA ECONOM\u00cdA POPULAR POR LA IMPLEMENTACI\u00d3N INMEDIATA DE LA LEY DE EMERGENCIA SOCIAL"},"content":{"rendered":"<p><strong>Miles de manifestantes produjeron cientos de cortes de rutas y puentes contra la pol\u00edtica de hambre de Macri \/Tambi\u00e9n hubo ollas populares<\/strong><\/p>\n<p>[Agencia Resistir y Luchar*15 de marzo 2017] Cientos de cortes en todo el pa\u00eds, puentes y rutas de acceso a las grandes ciudades, entre ellas Buenos Aires, C\u00f3rdoba, Chaco, Formosa, atravesadas por miles de trabajadores de la econom\u00eda popular, pobladores de barrios humildes, gente desesperada por el nivel de violencia que la pol\u00edtica econ\u00f3mica descarga sobre los habitantes de Argentina.<\/p>\n<p>La Central de Trabajadores de la Econom\u00eda Popular, Barrios de Pie, la Coordinadora Clasista y Combativa, la Corriente 19 y 20 de la CTEP, el Movimiento Popular La Dignidad, el Frente Popular Dar\u00edo Santill\u00e1n, Resistir y Luchar , Patria Grande, MULCS, FPDS -Corriente Nacional- y decenas de organizaciones sociales y populares le mostraron al gobierno, primero que tienen un poder de movilizaci\u00f3n de gran calado y por otro lado, que este es el proleg\u00f3meno de un paro nacional que ya se hace inevitable. De hecho, las dos CTA ya le han puesto fecha a la medida de fuerza, para el 30 de marzo.<\/p>\n<p>Lo cierto es que durante las primeras horas del d\u00eda, calles y rutas se vieron inundadas de hombres y mujeres en franca protesta contra Macri y su gobierno. A las 7 de la ma\u00f1ana, militante cortaron las centricas avenidas Callao y Corrientes. Y a partir de ese \u201ccampanazo\u201d popular, sobrevinieron alrededor de un millar de cortes. Entre ellos, el del Puente Pueyrred\u00f3n (acceso a la Capital por el Sur), donde la polic\u00eda carg\u00f3 contra los manifestantes arrojando gas pimienta, que alcanz\u00f3 a varios dirigentes de la CTEP. Sin embargo no pudieron evitar el corte multitudinario.,<\/p>\n<p>Tambi\u00e9n la Autopista a La Plata sufri\u00f3 cortes en varios puntos. En La Matanza, en la Rotonda de Llavallol, en Avenida Constituyentes y en cientos de puntos del gran Buenos Aires, el panorama fue id\u00e9ntico, cortes, ollas populares a la vera de la ruta, alegr\u00eda y bronca entremezcladas. La primera porque el contacto pueblo a pueblo levanta los \u00e1nimos de quienes se deciden a ponerle el cuerpo a la protesta, y la bronca, porque como dijo una de las mujeres en La Matanza, \u201cnos acabamos de enterar que los diputados se subieron los sueldos a 15o mil pesos y al resto nos est\u00e1n matando de hambre. Macri basura, no te aguantamos m\u00e1s\u201d.<\/p>\n<p>En el puente Avellaneda el corte fue total y adem\u00e1s se realiz\u00f3 un acto donde hablaron varios referentes sociales de Resistir y luchar, Movimiento Popular La Dignidad, FPDS y otros. Hasta all\u00ed se acercaron maestros que est\u00e1n en huelga, pertenecientes a ADEMYS y fueron recibidos y vitoreados al grito de \u201cUnidad de los trabajadores, al que no le gusta, se jode, se jode\u201d.<\/p>\n<p>Por otro lado el Polo Obrero, Barrios de Pie y el MST tambi\u00e9n cortan en el centro de Buenos Aires, en la Avenida 9 de Julio, Avenida de Mayo y Congreso.<\/p>\n<p>&nbsp;<\/p>\n<p>*Cobertura conjunta Resumen Latinoamericano, FM Riachuel, Revista Venceremos<\/p>\n<p>&nbsp;<\/p>\n<p>Fotos Resistir y Luchar y FPDS<\/p>\n","protected":false},"excerpt":{"rendered":"<p>Miles de manifestantes produjeron cientos de cortes de rutas y puentes contra la pol\u00edtica de hambre de Macri \/Tambi\u00e9n hubo ollas populares [Agencia Resistir y Luchar*15 de marzo 2017] Cientos de cortes en todo el pa\u00eds, puentes y rutas de acceso a las grandes ciudades, entre ellas Buenos Aires, C\u00f3rdoba, Chaco, Formosa, atravesadas por miles [&hellip;]<\/p>\n","protected":false},"author":4,"featured_media":3942,"comment_status":"open","ping_status":"open","sticky":false,"template":"","format":"standard","meta":{"_monsterinsights_skip_tracking":false,"_monsterinsights_sitenote_active":false,"_monsterinsights_sitenote_note":"","_monsterinsights_sitenote_category":0,"jnews-multi-image_gallery":[],"jnews_single_post":[],"jnews_primary_category":[],"_joinchat":[],"footnotes":""},"categories":[76,75],"tags":[],"class_list":["post-3941","post","type-post","status-publish","format-standard","has-post-thumbnail","hentry","category-salud-comunitaria","category-trabajo"],"_links":{"self":[{"href":"http:\/\/fmriachuelo.it10.com.ar\/index.php\/wp-json\/wp\/v2\/posts\/3941","targetHints":{"allow":["GET"]}}],"collection":[{"href":"http:\/\/fmriachuelo.it10.com.ar\/index.php\/wp-json\/wp\/v2\/posts"}],"about":[{"href":"http:\/\/fmriachuelo.it10.com.ar\/index.php\/wp-json\/wp\/v2\/types\/post"}],"author":[{"embeddable":true,"href":"http:\/\/fmriachuelo.it10.com.ar\/index.php\/wp-json\/wp\/v2\/users\/4"}],"replies":[{"embeddable":true,"href":"http:\/\/fmriachuelo.it10.com.ar\/index.php\/wp-json\/wp\/v2\/comments?post=3941"}],"version-history":[{"count":0,"href":"http:\/\/fmriachuelo.it10.com.ar\/index.php\/wp-json\/wp\/v2\/posts\/3941\/revisions"}],"wp:featuredmedia":[{"embeddable":true,"href":"http:\/\/fmriachuelo.it10.com.ar\/index.php\/wp-json\/"}],"wp:attachment":[{"href":"http:\/\/fmriachuelo.it10.com.ar\/index.php\/wp-json\/wp\/v2\/media?parent=3941"}],"wp:term":[{"taxonomy":"category","embeddable":true,"href":"http:\/\/fmriachuelo.it10.com.ar\/index.php\/wp-json\/wp\/v2\/categories?post=3941"},{"taxonomy":"post_tag","embeddable":true,"href":"http:\/\/fmriachuelo.it10.com.ar\/index.php\/wp-json\/wp\/v2\/tags?post=3941"}],"curies":[{"name":"wp","href":"https:\/\/api.w.org\/{rel}","templated":true}]}}