{"id":394,"date":"2015-06-03T14:24:00","date_gmt":"2015-06-03T14:24:00","guid":{"rendered":"http:\/\/fmriachuelo.observatorioess.org.ar\/index.php\/2015\/06\/03\/centro-de-salud-mental-no-3-dr-ameghino-en-peligro\/"},"modified":"2025-03-31T15:30:42","modified_gmt":"2025-03-31T18:30:42","slug":"centro-de-salud-mental-no-3-dr-ameghino-en-peligro","status":"publish","type":"post","link":"http:\/\/fmriachuelo.it10.com.ar\/index.php\/2015\/06\/03\/centro-de-salud-mental-no-3-dr-ameghino-en-peligro\/","title":{"rendered":"CENTRO DE SALUD MENTAL N\u00ba 3 DR. AMEGHINO: EN PELIGRO"},"content":{"rendered":"<p><span style=\"color: red;font-family: Verdana, sans-serif;font-size: large\"><strong>LAS POLITICAS DEL GOBIERNO DE LA CIUDAD<\/strong><\/span><br \/><strong><span style=\"color: black;font-family: Verdana;font-size: large\">La salud p\u00fablica amenazada<\/span><\/strong><\/p>\n<div style=\"clear: both;text-align: center\"><a href=\"http:\/\/2.bp.blogspot.com\/-zSJ_Y2UQ018\/VW8NZJZSzNI\/AAAAAAAAEls\/TpV2gU34ESU\/s1600\/Centro-de-Salud-Mental-N-3.jpg\" style=\"clear: left;float: left;margin-bottom: 1em;margin-right: 1em\"><img decoding=\"async\" border=\"0\" src=\"http:\/\/2.bp.blogspot.com\/-zSJ_Y2UQ018\/VW8NZJZSzNI\/AAAAAAAAEls\/TpV2gU34ESU\/s1600\/Centro-de-Salud-Mental-N-3.jpg\" \/><\/a><\/div>\n<p><\/p>\n<div style=\"text-align: justify\"><span style=\"font-family: Verdana, sans-serif\">Difundimos comunicado<\/p>\n<p>ACTO 17 de junio de 2015 12hs. C\u00f3rdoba 3120<br \/> Centro de Salud Mental N\u00b0 3<br \/>&nbsp;ASOCIACI\u00d3N DE PROFESIONALES DEL AMEGHINO.<\/span><\/div>\n<div style=\"text-align: justify\"><span style=\"font-family: Verdana, sans-serif\">ESTA GRAVE SITUACI\u00d3N AFECTA LA CAPACIDAD DE ATENCI\u00d3N.<br \/> CADA D\u00cdA MENOS PROFESIONALES Y POR LO TANTO: HAY CADA VEZ MENOS TURNOS.<br \/> SI AL GOBIERNO de la C.A.B.A LE SOBRA PRESUPUESTO\u2026 \u00bfPOR QU\u00c9 NOS SACAN LO POCO QUE TENEMOS?<br \/> \u00bfPRETENDEN QUE EL HOSPITAL QUEDE DESMANTELADO?<br \/> \u00a1BASTA DE ACHICAR EL HOSPITAL!<br \/> \u00a1NOMBRAMIENTOS para PROFESIONALES, YA!<\/p>\n<p>A LA COMUNIDAD:<br \/> SU APOYO ES FUNDAMENTAL para que en el HOSPITAL NO SE DESMANTELE A LOS EQUIPOS DE ATENCI\u00d3N.<\/p>\n<p>\u2022 EL \u201cAMEGHINO\u201d es un CENTRO DE SALUD MENTAL P\u00daBLICO Y GRATUITO: con horarios de ma\u00f1ana ,tarde y vespertino.<br \/>\u2022 Se atiende a ni\u00f1os, adolescentes, adultos y mayores, b\u00e1sicamente a trav\u00e9s de la psicoterapia en un abordaje conjunto de psicopedagogos, psiquiatras, psic\u00f3logos, fonoaudi\u00f3logos, trabajadoras sociales\u2026&#8230;<\/span><br \/><a name='more'><\/a><span style=\"font-family: Verdana, sans-serif\"><br \/>\u2022 Tambi\u00e9n SE DESTACA en la CAPACITACI\u00d3N de PROFESIONALES:<br \/>\u2022 Sin embargo redujeron al m\u00ednimo el ingreso de profesionales j\u00f3venes y adem\u00e1s, los compa\u00f1eros formados que hace a\u00f1os que atienden GRATIS, se agotan y se van. Ya que en los \u00faltimos 5 a\u00f1os se produjeron 24 vacantes por jubilaciones (21 de psic\u00f3logos). Y NOMBRARON a 9 M\u00c9DICOS (en su mayor\u00eda que no trabajaban en la instituci\u00f3n y que atienden escasas horas), a S\u00d3LO 5 PSIC\u00d3LOGOS y a 1 PSICOPEDAGOGO (estos \u00faltimos trabajadores del centro, pero 3 de ellos todav\u00eda no cobran).<br \/>\u2022 HOY, existen 8 cargos por concursarse y se pretende CAMBIAR LAS PROFESIONES de esas vacantes que surgieron de psic\u00f3logos, para quienes no trabajan en nuestro hospital, elegidos en un concurso \u201caparente\u201d, como ya sucedi\u00f3.<\/p>\n<p> ASOCIACI\u00d3N DE PROFESIONALES DEL CENTRO DE SALUD MENTAL \u201cAMEGHINO\u201d (2015)<\/p>\n<p>Contacto: Lic. Liliana Hilario 15 5013 0200 (Presidenta) Lic. Elena Wainryb 154022 5820 (secretaria) <br \/> <\/span><a href=\"mailto:asocprofcsm3@gmail.com\"><span style=\"font-family: Verdana, sans-serif\">asocprofcsm3@gmail.com<\/span><\/a><\/p>\n<div style=\"text-align: justify\">&nbsp;<\/div>\n<div style=\"text-align: justify\"><span style=\"color: blue;font-family: Verdana, sans-serif\">Fuente: Asoc. Profesionales del Ameghino, Producci\u00f3n Riachuelo<\/span><\/div>\n<\/div>\n","protected":false},"excerpt":{"rendered":"<p>LAS POLITICAS DEL GOBIERNO DE LA CIUDADLa salud p\u00fablica amenazada Difundimos comunicado ACTO 17 de junio de 2015 12hs. C\u00f3rdoba 3120 Centro de Salud Mental N\u00b0 3&nbsp;ASOCIACI\u00d3N DE PROFESIONALES DEL AMEGHINO. ESTA GRAVE SITUACI\u00d3N AFECTA LA CAPACIDAD DE ATENCI\u00d3N. CADA D\u00cdA MENOS PROFESIONALES Y POR LO TANTO: HAY CADA VEZ MENOS TURNOS. SI AL GOBIERNO [&hellip;]<\/p>\n","protected":false},"author":4,"featured_media":0,"comment_status":"open","ping_status":"open","sticky":false,"template":"","format":"standard","meta":{"_monsterinsights_skip_tracking":false,"_monsterinsights_sitenote_active":false,"_monsterinsights_sitenote_note":"","_monsterinsights_sitenote_category":0,"jnews-multi-image_gallery":[],"jnews_single_post":{"format":"standard"},"jnews_primary_category":[],"_joinchat":[],"footnotes":""},"categories":[58],"tags":[69,148],"class_list":["post-394","post","type-post","status-publish","format-standard","hentry","category-noticiariachuelo","tag-salud","tag-trabajo"],"_links":{"self":[{"href":"http:\/\/fmriachuelo.it10.com.ar\/index.php\/wp-json\/wp\/v2\/posts\/394","targetHints":{"allow":["GET"]}}],"collection":[{"href":"http:\/\/fmriachuelo.it10.com.ar\/index.php\/wp-json\/wp\/v2\/posts"}],"about":[{"href":"http:\/\/fmriachuelo.it10.com.ar\/index.php\/wp-json\/wp\/v2\/types\/post"}],"author":[{"embeddable":true,"href":"http:\/\/fmriachuelo.it10.com.ar\/index.php\/wp-json\/wp\/v2\/users\/4"}],"replies":[{"embeddable":true,"href":"http:\/\/fmriachuelo.it10.com.ar\/index.php\/wp-json\/wp\/v2\/comments?post=394"}],"version-history":[{"count":1,"href":"http:\/\/fmriachuelo.it10.com.ar\/index.php\/wp-json\/wp\/v2\/posts\/394\/revisions"}],"predecessor-version":[{"id":23510,"href":"http:\/\/fmriachuelo.it10.com.ar\/index.php\/wp-json\/wp\/v2\/posts\/394\/revisions\/23510"}],"wp:attachment":[{"href":"http:\/\/fmriachuelo.it10.com.ar\/index.php\/wp-json\/wp\/v2\/media?parent=394"}],"wp:term":[{"taxonomy":"category","embeddable":true,"href":"http:\/\/fmriachuelo.it10.com.ar\/index.php\/wp-json\/wp\/v2\/categories?post=394"},{"taxonomy":"post_tag","embeddable":true,"href":"http:\/\/fmriachuelo.it10.com.ar\/index.php\/wp-json\/wp\/v2\/tags?post=394"}],"curies":[{"name":"wp","href":"https:\/\/api.w.org\/{rel}","templated":true}]}}