{"id":3936,"date":"2017-03-15T13:21:31","date_gmt":"2017-03-15T13:21:31","guid":{"rendered":"http:\/\/fmriachuelo.com.ar\/ljkjklj\/?p=3936"},"modified":"2017-03-15T13:21:31","modified_gmt":"2017-03-15T13:21:31","slug":"lito-borello-sobre-suspension-del-juicio-por-la-toma-de-la-comisaria-24","status":"publish","type":"post","link":"http:\/\/fmriachuelo.it10.com.ar\/index.php\/2017\/03\/15\/lito-borello-sobre-suspension-del-juicio-por-la-toma-de-la-comisaria-24\/","title":{"rendered":"LITO BORELLO SOBRE SUSPENSI\u00d3N DEL JUICIO POR LA TOMA DE LA COMISARIA 24"},"content":{"rendered":"<p>[FM Riachuelo 15\/03\/2017] Esta ma\u00f1ana conversamos con Lito Borello, Coordinador Nacional de la Organizaci\u00f3n Social y Pol\u00edtica Los Pibes, en un Chispazo Informativo para conocer su mirada sobre la suspensi\u00f3n del juicio oral por la toma de la Comisar\u00eda 24 en 2004, tras el asesinato del Oso Cisneros.<\/p>\n<p>Borello ubic\u00f3 est\u00e1 decisi\u00f3n en el contexto pol\u00edtico que se instal\u00f3 en este mes que se caracteriz\u00f3 por masivas movilizaciones de rechazo al gobierno de Macri: \u00abno tengo porque atenerme a una interpretaci\u00f3n t\u00e9cnica de la situaci\u00f3n. El contexto hoy no es el mismo que cuando se anunci\u00f3 el juicio hace 5 meses: nuestro pueblo est\u00e1 de pie resistiendo los embates de esta tiran\u00eda institucional de Mauricio Macri\u00bb.<\/p>\n<p>En otro pasaje de la entrevista, Borello hizo referencia a la solidaridad de diversas organizaciones, que ya comenzaba a manifestarse, de cara a la convocatoria que realiz\u00f3 la organizaci\u00f3n Los Pibes de una jornada de lucha contra la criminalizaci\u00f3n de la protesta social el 21 de marzo en Comodoro Py: \u00abno tenemos m\u00e1s que un profundo agradecimiento por la impresionante adhesi\u00f3n y solidaridad que ven\u00edamos recibiendo. Esto no se puede poner en el plano de la individualidad de los que estabamos imputados, sino en la claridad y responsabilidad de las organizaciones que, m\u00e1s all\u00e1 de los matices, ve\u00edan que se trataba la criminalizaci\u00f3n de todas las luchas\u00bb.<\/p>\n<p>M\u00e1s adelante, el referente de la Mesa Gremial 19 y 20 de la CTEP, convoc\u00f3 a que ese esfuerzo de solidaridad y lucha contra la criminalizaci\u00f3n de la protesta, se reoriente al d\u00eda siguiente 22 de marzo, cumplea\u00f1os del Oso Cisneros, fecha en que hist\u00f3ricamente la Organizaci\u00f3n Los Pibes homenajea el ejemplo de vida y militancia de Mart\u00edn Cisneros: \u00abNunca recordamos a Mart\u00edn el d\u00eda de su asesinato. Porque lo importante del Oso es c\u00f3mo vivi\u00f3, por eso convocamos para el mi\u00e9rcoles 22 a las 18 horas en la Unidad de Producci\u00f3n Social donde Mart\u00edn coordinaba el emprendimiento de panader\u00eda y donde invitamos tambi\u00e9n a que se realice una parada de la marcha de antorchas que recuerda a los desaparecidos del barrio de la Boca.\u00bb<\/p>\n","protected":false},"excerpt":{"rendered":"<p>[FM Riachuelo 15\/03\/2017] Esta ma\u00f1ana conversamos con Lito Borello, Coordinador Nacional de la Organizaci\u00f3n Social y Pol\u00edtica Los Pibes, en un Chispazo Informativo para conocer su mirada sobre la suspensi\u00f3n del juicio oral por la toma de la Comisar\u00eda 24 en 2004, tras el asesinato del Oso Cisneros. Borello ubic\u00f3 est\u00e1 decisi\u00f3n en el contexto [&hellip;]<\/p>\n","protected":false},"author":4,"featured_media":3937,"comment_status":"open","ping_status":"open","sticky":false,"template":"","format":"standard","meta":{"_monsterinsights_skip_tracking":false,"_monsterinsights_sitenote_active":false,"_monsterinsights_sitenote_note":"","_monsterinsights_sitenote_category":0,"jnews-multi-image_gallery":[],"jnews_single_post":[],"jnews_primary_category":[],"_joinchat":[],"footnotes":""},"categories":[78,76,74,75],"tags":[],"class_list":["post-3936","post","type-post","status-publish","format-standard","has-post-thumbnail","hentry","category-economia-popular","category-salud-comunitaria","category-san-cayetano","category-trabajo"],"_links":{"self":[{"href":"http:\/\/fmriachuelo.it10.com.ar\/index.php\/wp-json\/wp\/v2\/posts\/3936","targetHints":{"allow":["GET"]}}],"collection":[{"href":"http:\/\/fmriachuelo.it10.com.ar\/index.php\/wp-json\/wp\/v2\/posts"}],"about":[{"href":"http:\/\/fmriachuelo.it10.com.ar\/index.php\/wp-json\/wp\/v2\/types\/post"}],"author":[{"embeddable":true,"href":"http:\/\/fmriachuelo.it10.com.ar\/index.php\/wp-json\/wp\/v2\/users\/4"}],"replies":[{"embeddable":true,"href":"http:\/\/fmriachuelo.it10.com.ar\/index.php\/wp-json\/wp\/v2\/comments?post=3936"}],"version-history":[{"count":0,"href":"http:\/\/fmriachuelo.it10.com.ar\/index.php\/wp-json\/wp\/v2\/posts\/3936\/revisions"}],"wp:featuredmedia":[{"embeddable":true,"href":"http:\/\/fmriachuelo.it10.com.ar\/index.php\/wp-json\/"}],"wp:attachment":[{"href":"http:\/\/fmriachuelo.it10.com.ar\/index.php\/wp-json\/wp\/v2\/media?parent=3936"}],"wp:term":[{"taxonomy":"category","embeddable":true,"href":"http:\/\/fmriachuelo.it10.com.ar\/index.php\/wp-json\/wp\/v2\/categories?post=3936"},{"taxonomy":"post_tag","embeddable":true,"href":"http:\/\/fmriachuelo.it10.com.ar\/index.php\/wp-json\/wp\/v2\/tags?post=3936"}],"curies":[{"name":"wp","href":"https:\/\/api.w.org\/{rel}","templated":true}]}}