{"id":3930,"date":"2017-03-14T23:33:37","date_gmt":"2017-03-14T23:33:37","guid":{"rendered":"http:\/\/fmriachuelo.com.ar\/ljkjklj\/?p=3930"},"modified":"2017-03-14T23:33:37","modified_gmt":"2017-03-14T23:33:37","slug":"suspenden-el-juicio-oral-por-la-toma-de-la-comisaria","status":"publish","type":"post","link":"http:\/\/fmriachuelo.it10.com.ar\/index.php\/2017\/03\/14\/suspenden-el-juicio-oral-por-la-toma-de-la-comisaria\/","title":{"rendered":"#ULTIMOMOMENTO SUSPENDEN EL JUICIO ORAL POR LA TOMA DE LA COMISARIA"},"content":{"rendered":"<p>[FM Riachuelo 14\/03\/2017] Hoy se conoci\u00f3 la noticia sobre la suspensi\u00f3n de la primera audiencia del juicio oral en el que est\u00e1n imputados Lito Borello, Secretario de DDHH de la CTEP, junto a Luis Del\u00eda y Luis Bord\u00f3n, \u00a0por la \u00abToma de la Comisar\u00eda 24\u00bb en el a\u00f1o 2004, hecho que ocurri\u00f3 como consecuencia del asesinato del militante popular Mart\u00edn \u00abOso\u00bb Cisneros. Escuch\u00e1 el testimonio del abogado defensor Dr. Adri\u00e1n Albor:<\/p>\n<p>La mencionada audiencia misma estaba prevista para el pr\u00f3ximo\u00a021 de marzo, \u00a0d\u00eda en el que numerosas organizaciones sociales se estaban convocando en las puertas de los Tribunales de Comodoro Py para expresarse en una Jornada de Lucha contra la Criminalizaci\u00f3n de la Protesta.<\/p>\n<p>La suspensi\u00f3n del juicio fue notificada en el d\u00eca de hoy por el Tribunal Oral Federal n\u00ba6.<\/p>\n<p>En entrevista con <span style=\"color: #ff0000\"><strong>FM Riachuelo<\/strong><\/span>, Adri\u00e1n Albor, abogado patrocinante de Borello y D\u00b4El\u00eda explic\u00f3 la notificaci\u00f3n: \u00abla audiencia se suspende por la entrada en vigor del nuevo c\u00f3digo procesal que el Tribunal tiene que analizar como impacta en la causa\u00bb.<\/p>\n","protected":false},"excerpt":{"rendered":"<p>[FM Riachuelo 14\/03\/2017] Hoy se conoci\u00f3 la noticia sobre la suspensi\u00f3n de la primera audiencia del juicio oral en el que est\u00e1n imputados Lito Borello, Secretario de DDHH de la CTEP, junto a Luis Del\u00eda y Luis Bord\u00f3n, \u00a0por la \u00abToma de la Comisar\u00eda 24\u00bb en el a\u00f1o 2004, hecho que ocurri\u00f3 como consecuencia del [&hellip;]<\/p>\n","protected":false},"author":4,"featured_media":3931,"comment_status":"open","ping_status":"open","sticky":false,"template":"","format":"standard","meta":{"_monsterinsights_skip_tracking":false,"_monsterinsights_sitenote_active":false,"_monsterinsights_sitenote_note":"","_monsterinsights_sitenote_category":0,"jnews-multi-image_gallery":[],"jnews_single_post":[],"jnews_primary_category":[],"_joinchat":[],"footnotes":""},"categories":[78,76,74,75],"tags":[],"class_list":["post-3930","post","type-post","status-publish","format-standard","has-post-thumbnail","hentry","category-economia-popular","category-salud-comunitaria","category-san-cayetano","category-trabajo"],"_links":{"self":[{"href":"http:\/\/fmriachuelo.it10.com.ar\/index.php\/wp-json\/wp\/v2\/posts\/3930","targetHints":{"allow":["GET"]}}],"collection":[{"href":"http:\/\/fmriachuelo.it10.com.ar\/index.php\/wp-json\/wp\/v2\/posts"}],"about":[{"href":"http:\/\/fmriachuelo.it10.com.ar\/index.php\/wp-json\/wp\/v2\/types\/post"}],"author":[{"embeddable":true,"href":"http:\/\/fmriachuelo.it10.com.ar\/index.php\/wp-json\/wp\/v2\/users\/4"}],"replies":[{"embeddable":true,"href":"http:\/\/fmriachuelo.it10.com.ar\/index.php\/wp-json\/wp\/v2\/comments?post=3930"}],"version-history":[{"count":0,"href":"http:\/\/fmriachuelo.it10.com.ar\/index.php\/wp-json\/wp\/v2\/posts\/3930\/revisions"}],"wp:featuredmedia":[{"embeddable":true,"href":"http:\/\/fmriachuelo.it10.com.ar\/index.php\/wp-json\/"}],"wp:attachment":[{"href":"http:\/\/fmriachuelo.it10.com.ar\/index.php\/wp-json\/wp\/v2\/media?parent=3930"}],"wp:term":[{"taxonomy":"category","embeddable":true,"href":"http:\/\/fmriachuelo.it10.com.ar\/index.php\/wp-json\/wp\/v2\/categories?post=3930"},{"taxonomy":"post_tag","embeddable":true,"href":"http:\/\/fmriachuelo.it10.com.ar\/index.php\/wp-json\/wp\/v2\/tags?post=3930"}],"curies":[{"name":"wp","href":"https:\/\/api.w.org\/{rel}","templated":true}]}}