{"id":393,"date":"2015-06-04T02:50:00","date_gmt":"2015-06-04T02:50:00","guid":{"rendered":"http:\/\/fmriachuelo.observatorioess.org.ar\/index.php\/2015\/06\/04\/uruguay-ii-foro-por-la-paz-en-colombia\/"},"modified":"2025-03-31T15:31:46","modified_gmt":"2025-03-31T18:31:46","slug":"uruguay-ii-foro-por-la-paz-en-colombia","status":"publish","type":"post","link":"http:\/\/fmriachuelo.it10.com.ar\/index.php\/2015\/06\/04\/uruguay-ii-foro-por-la-paz-en-colombia\/","title":{"rendered":"URUGUAY: II FORO POR LA PAZ EN COLOMBIA"},"content":{"rendered":"<p><span style=\"color: red;font-family: Verdana, sans-serif;font-size: large\"><strong>LA REGION DELIBERA POR LA PAZ<\/strong><\/span><\/p>\n<div>\n<div>\n<div>  <a href=\"https:\/\/www.blogger.com\/null\" name=\"5279933649176683390\"><\/a> <span style=\"font-family: Verdana, sans-serif\">Parlamentarios y Parlamentarias se citan en Montevideo por la Paz con Justicia Social<\/span><\/p>\n<div style=\"clear: both;text-align: center\"><a href=\"http:\/\/3.bp.blogspot.com\/-fPdneSPGmPA\/VW-8X8U4RvI\/AAAAAAAAEmA\/-0UpNgN5tMI\/s1600\/foro.jpg\" style=\"clear: left;float: left;margin-bottom: 1em;margin-right: 1em\"><img loading=\"lazy\" decoding=\"async\" border=\"0\" height=\"160\" src=\"http:\/\/3.bp.blogspot.com\/-fPdneSPGmPA\/VW-8X8U4RvI\/AAAAAAAAEmA\/-0UpNgN5tMI\/s320\/foro.jpg\" width=\"320\" \/><\/a><\/div>\n<p><span style=\"font-family: Verdana, sans-serif\">En el marco del II Foro por la paz en Colombia que se llevar\u00e1 a cabo desde este Viernes 5 de junio en la ciudad de Montevideo \u2013 Uruguay, se realizar\u00e1 una actividad especial en la que Parlamentarios y Parlamentarias de toda la regi\u00f3n discutir\u00e1n como, desde sus lugares dentro de la institucionalidad en los distintos pa\u00edses del continente, pueden llevar el apoyo a la lucha por la paz con justicia social en Colombia a hechos concretos que den cuenta de esa voluntad de paz que abriga a toda Am\u00e9rica Latina, para garantizar de esa forma que la soluci\u00f3n pol\u00edtica al conflicto social y armado que atraviesa Colombia sea un hecho realizable y un objetivo fundamental para el avance de la regi\u00f3n.<\/p>\n<p>Diputados y diputadas de Brasil, Argentina, Colombia y Uruguay enriquecer\u00e1n de la mano de todos y todas las asistentes, los debates que surgir\u00e1n en el II Foro en pos de la construcci\u00f3n de una latinoam\u00e9rica en paz y libre de militarismo.<\/p>\n<p>Foro Parlamentarios\/as por la Paz de Colombia <br \/> Horario: 15:30 a 18:30hs.<br \/> Lugar: Anexo del Palacio legislativo<\/span><\/div>\n<\/div>\n<\/div>\n","protected":false},"excerpt":{"rendered":"<p>LA REGION DELIBERA POR LA PAZ Parlamentarios y Parlamentarias se citan en Montevideo por la Paz con Justicia Social En el marco del II Foro por la paz en Colombia que se llevar\u00e1 a cabo desde este Viernes 5 de junio en la ciudad de Montevideo \u2013 Uruguay, se realizar\u00e1 una actividad especial en la [&hellip;]<\/p>\n","protected":false},"author":4,"featured_media":0,"comment_status":"open","ping_status":"open","sticky":false,"template":"","format":"standard","meta":{"_monsterinsights_skip_tracking":false,"_monsterinsights_sitenote_active":false,"_monsterinsights_sitenote_note":"","_monsterinsights_sitenote_category":0,"jnews-multi-image_gallery":[],"jnews_single_post":{"format":"standard"},"jnews_primary_category":[],"_joinchat":[],"footnotes":""},"categories":[58],"tags":[70,167],"class_list":["post-393","post","type-post","status-publish","format-standard","hentry","category-noticiariachuelo","tag-de-la-patria-grande","tag-politica-internacional"],"_links":{"self":[{"href":"http:\/\/fmriachuelo.it10.com.ar\/index.php\/wp-json\/wp\/v2\/posts\/393","targetHints":{"allow":["GET"]}}],"collection":[{"href":"http:\/\/fmriachuelo.it10.com.ar\/index.php\/wp-json\/wp\/v2\/posts"}],"about":[{"href":"http:\/\/fmriachuelo.it10.com.ar\/index.php\/wp-json\/wp\/v2\/types\/post"}],"author":[{"embeddable":true,"href":"http:\/\/fmriachuelo.it10.com.ar\/index.php\/wp-json\/wp\/v2\/users\/4"}],"replies":[{"embeddable":true,"href":"http:\/\/fmriachuelo.it10.com.ar\/index.php\/wp-json\/wp\/v2\/comments?post=393"}],"version-history":[{"count":1,"href":"http:\/\/fmriachuelo.it10.com.ar\/index.php\/wp-json\/wp\/v2\/posts\/393\/revisions"}],"predecessor-version":[{"id":23511,"href":"http:\/\/fmriachuelo.it10.com.ar\/index.php\/wp-json\/wp\/v2\/posts\/393\/revisions\/23511"}],"wp:attachment":[{"href":"http:\/\/fmriachuelo.it10.com.ar\/index.php\/wp-json\/wp\/v2\/media?parent=393"}],"wp:term":[{"taxonomy":"category","embeddable":true,"href":"http:\/\/fmriachuelo.it10.com.ar\/index.php\/wp-json\/wp\/v2\/categories?post=393"},{"taxonomy":"post_tag","embeddable":true,"href":"http:\/\/fmriachuelo.it10.com.ar\/index.php\/wp-json\/wp\/v2\/tags?post=393"}],"curies":[{"name":"wp","href":"https:\/\/api.w.org\/{rel}","templated":true}]}}