{"id":3926,"date":"2017-03-13T18:51:08","date_gmt":"2017-03-13T18:51:08","guid":{"rendered":"http:\/\/fmriachuelo.com.ar\/ljkjklj\/?p=3926"},"modified":"2017-03-13T18:51:08","modified_gmt":"2017-03-13T18:51:08","slug":"inauguran-la-catedra-fidel-castro-en-buenos-aires-y-en-cordoba","status":"publish","type":"post","link":"http:\/\/fmriachuelo.it10.com.ar\/index.php\/2017\/03\/13\/inauguran-la-catedra-fidel-castro-en-buenos-aires-y-en-cordoba\/","title":{"rendered":"INAUGURAN LA C\u00c1TEDRA FIDEL CASTRO EN BUENOS AIRES Y EN C\u00d3RDOBA"},"content":{"rendered":"<p>[FM Riachuelo 13\/03\/2017] El pasado viernes 11 de marzo se inaugur\u00f3 la C\u00e1tedra Fidel Castro, en la Ciudad de Buenos Aires, con una importante concurrencia de distintas organizaciones sociales. Una actividad organizada por el Cap\u00edtulo Argentino de los Movimientos del Alba y Resumen Latinoamericano.<\/p>\n<p>Escuch\u00e1 los pasajes m\u00e1s importantes del panel central de: Carlos Aznares, el embajador cubano Orestes Perez Perez, Maril\u00edn Pe\u00f1a y Yohanka de Leon, a continuaci\u00f3n:<\/p>\n<p>[Resumen Latinoamericano, 11 marzo 2017]-Con una importante presencia de p\u00fablico que mostr\u00f3 gran inter\u00e9s por sumarse a la iniciativa, fue inaugurada este pasado vienes en Buenos Aires la<strong>C\u00e1tedra Fidel Castro<\/strong>. La actividad se realiz\u00f3 en el Anfiteatro Eva Per\u00f3n de la Asociaci\u00f3n de Trabajadores del Estado, cuya Secretar\u00eda de Derechos Humanos colabor\u00f3 en el lanzamiento. En el acto se destac\u00f3 la decisi\u00f3n de los Movimientos hacia el ALBA, que en su \u00faltimo encuentro continental celebrado en Colombia a fines de 2016, decidi\u00f3 instituir la C\u00e1tedra no solo como homenaje al m\u00e1ximo gestor de la Revoluci\u00f3n Cubana sino tambi\u00e9n como un espacio para desarrollar el pensamiento cr\u00edtico y estudiar el legado de Fidel.<br \/>\nEn la apertura, despu\u00e9s de proyectarse un video sobre Fidel y su lucha, tanto Gonzalo Arm\u00faa, de la Secretar\u00eda Operativa continental de ALBA Movimientos como Carlos Azn\u00e1rez, de la Coordinaci\u00f3n Pol\u00edtica continental de dicha organizaci\u00f3n, destacaron la necesidad de estudiar las ideas de Fidel, \u201cjustamente en un momento que aparece como complejo en el continente debido a la ofensiva imperialista y de la derecha regional\u201d. Es en esta instancia en que \u201cFidel, que no nos ha fallado nunca a todas y todos los que luchamos por un mundo mejor, crece a\u00fan m\u00e1s y sus ideas servir\u00e1n para encontrar los caminos necesarios a recorrer en esta coyuntura\u201d. Tambi\u00e9n, ambos realizaron un homenaje al comandante Hugo Ch\u00e1vez y a la luchadora hondure\u00f1a Berta C\u00e1ceres.<\/p>\n<p>A la mesa de la conferencia inaugural se sentaron por el cap\u00edtulo argentino de ALBA Movimientos, Claudia Korol y Aldana Martino, quienes presentaron a las dos oradoras llegadas desde Cuba para esta actividad, Maril\u00edn Pe\u00f1a, educadora popular e integrante del Centro Martin Luther King, de La Habana y a Yohanka de Le\u00f3n, profesora de la Facultad de Filosof\u00eda de la Universidad habanera.<\/p>\n<p>Abri\u00f3 el acto el embajador de Cuba en Argentina, Orestes P\u00e9rez P\u00e9rez, quien destac\u00f3 la oportunidad del lanzamiento de una C\u00e1tedra Fidel Castro ya que \u201cson momentos de profundizar en el debate de las ideas liberadoras y humanistas que siempre ha aportado Fidel no s\u00f3lo para Cuba sino para todo el continente y el mundo\u201d. Se\u00f1al\u00f3 tambi\u00e9n que \u201ctenemos un enemigo enfrente muy poderoso, que ha provocado un per\u00edodo de retroceso al avanzar sobre algunos gobiernos progresistas, pero estamos en condiciones para asumir este desaf\u00edo\u201d. Para ello, apunt\u00f3 que \u201ces necesario mirarnos hacia adentro y preguntarnos hasta donde hemos llegado, cuanto hemos hecho y cu\u00e1les han sido nuestras debilidades y errores\u201d. Por \u00faltimo convoc\u00f3 a forjar una unidad f\u00e9rrea entre los que siguen creyendo en que hay otro mundo posible y que la emancipaci\u00f3n del continente es la luz al final del t\u00fanel en que el imperio \u201cdesea instalarnos\u201d.<\/p>\n<p>Claudia Korol inform\u00f3 que ese mismo viernes, los movimiento del ALBA hab\u00edan realizado una concentraci\u00f3n frente a la embajada de Guatemala, protestando por la masacre producida recientemente en un centro de detenci\u00f3n de mujeres, donde murieron quemadas m\u00e1s de 30 j\u00f3venes.<\/p>\n<p>Luego, Marilin Pe\u00f1a, como natural de Santiago de Cuba, \u201ctrinchera de la Revoluci\u00f3n\u201d, encomi\u00f3 la figura y la presencia de Fidel Castro en todas las tareas de desarrollo de conciencia cr\u00edtica del pueblo cubano. Record\u00f3 emocionada cuando en un momento en que ella estudiaba y era delegada, Fidel, \u201cal que siempre vimos como un padre, baj\u00f3 a nuestro centro de estudios, para consultarnos y explicarnos por qu\u00e9 el pa\u00eds, en ese momento dif\u00edcil del per\u00edodo especial, no pod\u00edan seguir pag\u00e1ndonos un estipendio que nos daban a cada estudiante, adem\u00e1s de la beca gratuita educacional y entregarnos todos los materiales. Fidel nos reuni\u00f3 a todos y nos pidi\u00f3 permiso para realizar esa quita provisoriamente. Por supuesto que entendimos las razones y lo aprobamos. Pero luego, cuando ya estaba poni\u00e9ndose en pr\u00e1ctica esa medida, desde el gobierno nos mandaron una nota en la que explicaban que los alumnos cuyos padres no tuvieran la posibilidad econ\u00f3mica de seguir envi\u00e1ndolo a clase por falta de esa ayuda, a esos estudiantes no se le suspender\u00eda la misma. As\u00ed era Fidel de carne y hueso, un hombre dispuesto a llevar adelante las batallas m\u00e1s epop\u00e9yicas y a la vez atender las situaciones cotidianas que se le pod\u00edan presentar a la Revoluci\u00f3n\u201d.<\/p>\n<p>Pe\u00f1a apunt\u00f3 tambi\u00e9n que \u201cen estos tiempos de crisis de valores y de ataques de nuestros enemigos, hay que rescatar algunos aspectos fundamentales legados por Fidel, uno tiene que ver con su coherencia revolucionaria. \u00c9l nunca le pidi\u00f3 a nadie lo que \u00e9l mismo no fuera capaz de hacer. El otro elemento siempre presente en sus discursos y pr\u00e1ctica es el tema de la unidad. Un aspecto que tanta falta nos hace para caminar juntos, para enfrentar un enemigo que es siempre el mismo y que no dudar\u00e1 en matarnos si no consensuamos una estrategia de lucha. En esa idea de la unidad tambi\u00e9n est\u00e1 el internacionalismo de Fidel y su indestructible lealtad a la justa causa de los pueblos\u201d.<\/p>\n<p>M\u00e1s tarde le toc\u00f3 el turno a la profesora Yohanka de Le\u00f3n, quien se\u00f1al\u00f3 que Fidel trabaj\u00f3 arduamente para generar una teor\u00eda \u201cque nos permita construir otra cultura, otro lenguaje, que rompa el ego\u00edsmo y el individualismo, ir gestando una \u00e9tica diferente a la de nuestros enemigos\u201d. Luego apunt\u00f3 que Fidel siempre dec\u00eda que amar es cari\u00f1o, valoraci\u00f3n, admiraci\u00f3n en todos los aspectos, o sea que el revolucionario tiene que amar a las personas con las que construye la lucha por la liberaci\u00f3n. Los procesos hay que hacerlos con todas y con todos, hay que apuntar a romper esas l\u00f3gicas individualistas y sectarias\u201d. Rescatando a Mart\u00ed y su influencia decisiva sobre Fidel, destac\u00f3 que \u201chay que tener en cuenta siempre el pensamiento cr\u00edtico revolucionario de Fidel, que pasa por construir, proponer, formar, otra l\u00f3gica de pensarnos como seres humanos, de pensar nuestras relaciones y de considerar nuestros procesos\u201d.<br \/>\nEn lo que hace al internacionalismo en Fidel, Yohanka record\u00f3 la epopeya protagonizada por decenas de miles de revolucionarios y revolucionarias cubanas en Africa. Ejemplificando sobre lo que signific\u00f3 el empuje dado por Fidel a esa proeza de ayudar a derrumbar el apartheid o de abrir las puertas a un proceso liberador en Angola, la oradora apunt\u00f3 que a diferencia de los pa\u00edses imperialistas que siempre que fueron a ese continente fue para saquear, \u201clo \u00fanico que Cuba trajo de Africa fueron nuestros combatientes muertos\u201d.<\/p>\n<p>Una vez terminada la oratoria desde la mesa, se abri\u00f3 un interesante y cualificado debate sobre lo escuchado y sobre el valor de una C\u00e1tedra que lleva el nombre de quien tanto hizo por la Revoluci\u00f3n y la Humanidad.<\/p>\n<p>El acto finaliz\u00f3 con un video-canci\u00f3n recientemente editado en Cuba denominado \u201cCabalgando con Fidel\u201d, donde se lo homenajea tras su desaparici\u00f3n f\u00edsica.<\/p>\n<p><strong>Informaci\u00f3n sobre la C\u00e1tedra Fidel Castro<\/strong><\/p>\n<p>En el aspecto formal, la C\u00e1tedra comenzar\u00e1 a rodar en abril, y se realizar\u00e1n concretamente en la Casa de Amistad Argentino-Cubana (Alsina 1744, Ciudad de Buenos Aires). El 12 de ese mes, el tema a desarrollar ser\u00e1 \u201cDe Mart\u00ed a Fidel: genealog\u00eda de una Revoluci\u00f3n\u201d, el 17 de mayo, el segundo cap\u00edtulo ser\u00e1: \u201cAntiimperialismo, Socialismo y Liberaci\u00f3n Nacional\u201d, el tercero estar\u00e1 dedicado a \u201cFidel y el Che: el pensamiento y la pr\u00e1ctica internacionalista\u201d y ser\u00e1 dictada el 21 de junio. Y terminando el primer cuatrimestre, coincidiendo con las vacaciones de invierno, el 26 de julio se tratar\u00e1: \u201cFidel y Nuestra Am\u00e9rica del Siglo XXI\u201d.<br \/>\nPara mayor informaci\u00f3n e inscripciones, escribir a catedrafidelcastro@gmail.com<\/p>\n","protected":false},"excerpt":{"rendered":"<p>[FM Riachuelo 13\/03\/2017] El pasado viernes 11 de marzo se inaugur\u00f3 la C\u00e1tedra Fidel Castro, en la Ciudad de Buenos Aires, con una importante concurrencia de distintas organizaciones sociales. Una actividad organizada por el Cap\u00edtulo Argentino de los Movimientos del Alba y Resumen Latinoamericano. Escuch\u00e1 los pasajes m\u00e1s importantes del panel central de: Carlos Aznares, [&hellip;]<\/p>\n","protected":false},"author":4,"featured_media":3927,"comment_status":"open","ping_status":"open","sticky":false,"template":"","format":"standard","meta":{"_monsterinsights_skip_tracking":false,"_monsterinsights_sitenote_active":false,"_monsterinsights_sitenote_note":"","_monsterinsights_sitenote_category":0,"jnews-multi-image_gallery":[],"jnews_single_post":[],"jnews_primary_category":[],"_joinchat":[],"footnotes":""},"categories":[78,79,77],"tags":[],"class_list":["post-3926","post","type-post","status-publish","format-standard","has-post-thumbnail","hentry","category-economia-popular","category-nadie-se-salva-solo","category-soberania"],"_links":{"self":[{"href":"http:\/\/fmriachuelo.it10.com.ar\/index.php\/wp-json\/wp\/v2\/posts\/3926","targetHints":{"allow":["GET"]}}],"collection":[{"href":"http:\/\/fmriachuelo.it10.com.ar\/index.php\/wp-json\/wp\/v2\/posts"}],"about":[{"href":"http:\/\/fmriachuelo.it10.com.ar\/index.php\/wp-json\/wp\/v2\/types\/post"}],"author":[{"embeddable":true,"href":"http:\/\/fmriachuelo.it10.com.ar\/index.php\/wp-json\/wp\/v2\/users\/4"}],"replies":[{"embeddable":true,"href":"http:\/\/fmriachuelo.it10.com.ar\/index.php\/wp-json\/wp\/v2\/comments?post=3926"}],"version-history":[{"count":0,"href":"http:\/\/fmriachuelo.it10.com.ar\/index.php\/wp-json\/wp\/v2\/posts\/3926\/revisions"}],"wp:featuredmedia":[{"embeddable":true,"href":"http:\/\/fmriachuelo.it10.com.ar\/index.php\/wp-json\/"}],"wp:attachment":[{"href":"http:\/\/fmriachuelo.it10.com.ar\/index.php\/wp-json\/wp\/v2\/media?parent=3926"}],"wp:term":[{"taxonomy":"category","embeddable":true,"href":"http:\/\/fmriachuelo.it10.com.ar\/index.php\/wp-json\/wp\/v2\/categories?post=3926"},{"taxonomy":"post_tag","embeddable":true,"href":"http:\/\/fmriachuelo.it10.com.ar\/index.php\/wp-json\/wp\/v2\/tags?post=3926"}],"curies":[{"name":"wp","href":"https:\/\/api.w.org\/{rel}","templated":true}]}}