{"id":3921,"date":"2017-03-13T17:21:03","date_gmt":"2017-03-13T17:21:03","guid":{"rendered":"http:\/\/fmriachuelo.com.ar\/ljkjklj\/?p=3921"},"modified":"2017-03-13T17:21:03","modified_gmt":"2017-03-13T17:21:03","slug":"la-economia-popular-presente-en-misa-por-francisco","status":"publish","type":"post","link":"http:\/\/fmriachuelo.it10.com.ar\/index.php\/2017\/03\/13\/la-economia-popular-presente-en-misa-por-francisco\/","title":{"rendered":"LA ECONOM\u00cdA POPULAR PRESENTE EN MISA POR FRANCISCO"},"content":{"rendered":"<p>[FM Riachuelo 13\/03\/2017] Esta ma\u00f1ana, los Misioneros de Francisco junto con referentes de las organizaciones que llevan adelante la pelea por la Ley de Emergencia Social (CTEP &#8211; CCC &#8211; Barrios de Pie) se acercaron a la Bas\u00edlica de San Francisco ubicada en las calles Alsina y Defensa para solicitar a las autoridades eclesiaticas la realizaci\u00f3n de una misa para conmemorar la asunci\u00f3n del Papa Francisco el 13 de marzo de 2013. Por su austeridad, la ceremonia se realiz\u00f3 en la Parroquia San Roque que funciona en el mismo predio del centro porte\u00f1o.<\/p>\n<p>En un contexto de crisis social y econ\u00f3mica en aumento, agudizado por las demoras del gobierno para llevar adelante pol\u00edticas para los sectores m\u00e1s afectados (ver <a href=\"http:\/\/fmriachuelo.com.ar\/ljkjklj\/blog\/2017\/03\/11\/ctep-movimientos-populares-anuncian-plan-de-lucha\/\">\u00abCTEP: Movimientos Populares anuncian Plan de Lucha\u00bb<\/a>), las organizaciones de la econom\u00eda popular vienen reivindicando el mensaje de Francisco que denuncia el sistema de descarte y exclusi\u00f3n que impulsan los poderes econ\u00f3micos adictos al \u00abDios dinero\u00bb.<\/p>\n<p>En el lugar, corresponsales de Resistir y Luchar tuvieron la oportunidad de conversar con Esteban \u00abGringo\u00bb Castro, Secretario General de la CTEP que se hizo presente junto al Secretario de Derechos Humanos, Lito Borello. Castro destac\u00f3 que \u00abFrancisco coincide con los planteos que venimos haciendo desde la econom\u00eda popular: que sus trabajadores tienen que tener los mismos derechos que los trabajadores formales\u00bb.<\/p>\n<p>El Gringo tambi\u00e9n se refiri\u00f3 a las operaciones medi\u00e1ticas que desde la semana pasada intentan vincular a la figura de Francisco con una actitud de moderaci\u00f3n hacia el conflicto social para favorecer al gobierno de Macri: \u00abno tenemos el tel\u00e9fono de Francisco, ni el nos llama para decirnos lo que tenemos que hacer. Lo que tenemos que hacer lo decidimos en funci\u00f3n de la coyuntura del pa\u00eds. La semana pasada movilizaron m\u00e1s de 700.000 personas interpelando al gobierno e interpelando a los movimientos sociales. Frente a esto nosotros decidimos profundizar el plan de lucha con ollas populares y cortes de ruta el mi\u00e9rcoles\u00bb.<\/p>\n","protected":false},"excerpt":{"rendered":"<p>[FM Riachuelo 13\/03\/2017] Esta ma\u00f1ana, los Misioneros de Francisco junto con referentes de las organizaciones que llevan adelante la pelea por la Ley de Emergencia Social (CTEP &#8211; CCC &#8211; Barrios de Pie) se acercaron a la Bas\u00edlica de San Francisco ubicada en las calles Alsina y Defensa para solicitar a las autoridades eclesiaticas la [&hellip;]<\/p>\n","protected":false},"author":4,"featured_media":3922,"comment_status":"open","ping_status":"open","sticky":false,"template":"","format":"standard","meta":{"_monsterinsights_skip_tracking":false,"_monsterinsights_sitenote_active":false,"_monsterinsights_sitenote_note":"","_monsterinsights_sitenote_category":0,"jnews-multi-image_gallery":[],"jnews_single_post":[],"jnews_primary_category":[],"_joinchat":[],"footnotes":""},"categories":[78,76,75],"tags":[],"class_list":["post-3921","post","type-post","status-publish","format-standard","has-post-thumbnail","hentry","category-economia-popular","category-salud-comunitaria","category-trabajo"],"_links":{"self":[{"href":"http:\/\/fmriachuelo.it10.com.ar\/index.php\/wp-json\/wp\/v2\/posts\/3921","targetHints":{"allow":["GET"]}}],"collection":[{"href":"http:\/\/fmriachuelo.it10.com.ar\/index.php\/wp-json\/wp\/v2\/posts"}],"about":[{"href":"http:\/\/fmriachuelo.it10.com.ar\/index.php\/wp-json\/wp\/v2\/types\/post"}],"author":[{"embeddable":true,"href":"http:\/\/fmriachuelo.it10.com.ar\/index.php\/wp-json\/wp\/v2\/users\/4"}],"replies":[{"embeddable":true,"href":"http:\/\/fmriachuelo.it10.com.ar\/index.php\/wp-json\/wp\/v2\/comments?post=3921"}],"version-history":[{"count":0,"href":"http:\/\/fmriachuelo.it10.com.ar\/index.php\/wp-json\/wp\/v2\/posts\/3921\/revisions"}],"wp:featuredmedia":[{"embeddable":true,"href":"http:\/\/fmriachuelo.it10.com.ar\/index.php\/wp-json\/"}],"wp:attachment":[{"href":"http:\/\/fmriachuelo.it10.com.ar\/index.php\/wp-json\/wp\/v2\/media?parent=3921"}],"wp:term":[{"taxonomy":"category","embeddable":true,"href":"http:\/\/fmriachuelo.it10.com.ar\/index.php\/wp-json\/wp\/v2\/categories?post=3921"},{"taxonomy":"post_tag","embeddable":true,"href":"http:\/\/fmriachuelo.it10.com.ar\/index.php\/wp-json\/wp\/v2\/tags?post=3921"}],"curies":[{"name":"wp","href":"https:\/\/api.w.org\/{rel}","templated":true}]}}