{"id":392,"date":"2015-06-05T02:38:00","date_gmt":"2015-06-05T02:38:00","guid":{"rendered":"http:\/\/fmriachuelo.observatorioess.org.ar\/index.php\/2015\/06\/05\/mexico-elecciones-en-medio-de-un-clima-violento\/"},"modified":"2025-03-31T15:32:59","modified_gmt":"2025-03-31T18:32:59","slug":"mexico-elecciones-en-medio-de-un-clima-violento","status":"publish","type":"post","link":"http:\/\/fmriachuelo.it10.com.ar\/index.php\/2015\/06\/05\/mexico-elecciones-en-medio-de-un-clima-violento\/","title":{"rendered":"MEXICO: ELECCIONES EN MEDIO DE UN CLIMA VIOLENTO"},"content":{"rendered":"<p><span style=\"color: red;font-family: Verdana, sans-serif;font-size: large\"><strong>ATRAPADOS<\/strong><\/span><br \/><span style=\"font-family: Verdana, sans-serif\"><strong>M\u00e9xico con la violencia a cuestas<\/strong><\/span><\/p>\n<div style=\"clear: both;text-align: center\"><a href=\"http:\/\/4.bp.blogspot.com\/-SxUp3W6RlhM\/VXELJRWlyAI\/AAAAAAAAEmY\/VcnFa82ZLdQ\/s1600\/infografia_elecconesmexico_520x950_jpg_605931140.jpg\" style=\"clear: left;float: left;margin-bottom: 1em;margin-right: 1em\"><img loading=\"lazy\" decoding=\"async\" border=\"0\" height=\"640\" src=\"http:\/\/4.bp.blogspot.com\/-SxUp3W6RlhM\/VXELJRWlyAI\/AAAAAAAAEmY\/VcnFa82ZLdQ\/s640\/infografia_elecconesmexico_520x950_jpg_605931140.jpg\" width=\"348\" \/><\/a><\/div>\n<div style=\"text-align: justify\"><span style=\"font-family: Verdana, sans-serif\">Tras dos meses de campa\u00f1a electoral, M\u00e9xico cerr\u00f3 el mi\u00e9rcoles el per\u00edodo establecido para proselitismo pol\u00edtico con m\u00e1s de 20 muertos y gran cantidad de manifestaciones en contra de la celebraci\u00f3n de los <\/span><span style=\"font-family: Verdana, sans-serif\">comicios<\/span><span style=\"font-family: Verdana, sans-serif\">, previstos para el 7 de junio. <\/p>\n<p>Pese a las declaraciones emitidas por el presidente del <\/span><span style=\"font-family: Verdana, sans-serif\">Instituto Nacional Electoral<\/span><span style=\"font-family: Verdana, sans-serif\"> (INE), Lorenzo C\u00f3rdova, sobre la \u00abtranquilidad\u00bb en la que se desarroll\u00f3 la campa\u00f1a pol\u00edtica, algunas cifras publicadas por medios locales cuestionan si la jornada se realizar\u00e1 en paz. <\/p>\n<p>Varios precandidatos, candidatos y personas relacionadas con campa\u00f1as electorales de algunos partidos han perdido la vida en circunstancias hasta ahora atribuidas al crimen organizado que opera en algunas regiones de M\u00e9xico. <\/p>\n<p>Los estados de Oaxaca, Chiapas y Guerrero (sur de M\u00e9xico), fueron escenario de numerosas manifestaciones en contra de las elecciones, que se han considerado como un \u00abfraude\u00bb debido a la desconfianza ante autoridades, instituciones y pol\u00edticos del pa\u00eds. Organizaciones sociales, educadores y familiares de los 43 normalistas de Ayotzinapa se oponen a los comicios que se celebrar\u00e1n este domingo.<\/p>\n<p><strong>EL DATO:<\/strong> M\u00e1s de 83 millones de mexicanos est\u00e1n convocados a las urnas para elegir a 1.996 nuevos ocupantes a cargos p\u00fablicos, entre ellos 500 diputados federales y gobernadores de nueves estados.<\/p>\n<p><span style=\"color: blue\">Fuente: Telesur, Producci\u00f3n Riachuelo<\/span><\/span><\/div>\n","protected":false},"excerpt":{"rendered":"<p>ATRAPADOSM\u00e9xico con la violencia a cuestas Tras dos meses de campa\u00f1a electoral, M\u00e9xico cerr\u00f3 el mi\u00e9rcoles el per\u00edodo establecido para proselitismo pol\u00edtico con m\u00e1s de 20 muertos y gran cantidad de manifestaciones en contra de la celebraci\u00f3n de los comicios, previstos para el 7 de junio. Pese a las declaraciones emitidas por el presidente del [&hellip;]<\/p>\n","protected":false},"author":4,"featured_media":0,"comment_status":"open","ping_status":"open","sticky":false,"template":"","format":"standard","meta":{"_monsterinsights_skip_tracking":false,"_monsterinsights_sitenote_active":false,"_monsterinsights_sitenote_note":"","_monsterinsights_sitenote_category":0,"jnews-multi-image_gallery":[],"jnews_single_post":{"format":"standard"},"jnews_primary_category":[],"_joinchat":[],"footnotes":""},"categories":[58],"tags":[70],"class_list":["post-392","post","type-post","status-publish","format-standard","hentry","category-noticiariachuelo","tag-de-la-patria-grande"],"_links":{"self":[{"href":"http:\/\/fmriachuelo.it10.com.ar\/index.php\/wp-json\/wp\/v2\/posts\/392","targetHints":{"allow":["GET"]}}],"collection":[{"href":"http:\/\/fmriachuelo.it10.com.ar\/index.php\/wp-json\/wp\/v2\/posts"}],"about":[{"href":"http:\/\/fmriachuelo.it10.com.ar\/index.php\/wp-json\/wp\/v2\/types\/post"}],"author":[{"embeddable":true,"href":"http:\/\/fmriachuelo.it10.com.ar\/index.php\/wp-json\/wp\/v2\/users\/4"}],"replies":[{"embeddable":true,"href":"http:\/\/fmriachuelo.it10.com.ar\/index.php\/wp-json\/wp\/v2\/comments?post=392"}],"version-history":[{"count":1,"href":"http:\/\/fmriachuelo.it10.com.ar\/index.php\/wp-json\/wp\/v2\/posts\/392\/revisions"}],"predecessor-version":[{"id":23513,"href":"http:\/\/fmriachuelo.it10.com.ar\/index.php\/wp-json\/wp\/v2\/posts\/392\/revisions\/23513"}],"wp:attachment":[{"href":"http:\/\/fmriachuelo.it10.com.ar\/index.php\/wp-json\/wp\/v2\/media?parent=392"}],"wp:term":[{"taxonomy":"category","embeddable":true,"href":"http:\/\/fmriachuelo.it10.com.ar\/index.php\/wp-json\/wp\/v2\/categories?post=392"},{"taxonomy":"post_tag","embeddable":true,"href":"http:\/\/fmriachuelo.it10.com.ar\/index.php\/wp-json\/wp\/v2\/tags?post=392"}],"curies":[{"name":"wp","href":"https:\/\/api.w.org\/{rel}","templated":true}]}}