{"id":3914,"date":"2017-03-12T21:27:49","date_gmt":"2017-03-12T21:27:49","guid":{"rendered":"http:\/\/fmriachuelo.com.ar\/ljkjklj\/?p=3914"},"modified":"2017-03-12T21:27:49","modified_gmt":"2017-03-12T21:27:49","slug":"marzoarde-la-rebelion-es-justicia-serie-audiovisual-cap-1o","status":"publish","type":"post","link":"http:\/\/fmriachuelo.it10.com.ar\/index.php\/2017\/03\/12\/marzoarde-la-rebelion-es-justicia-serie-audiovisual-cap-1o\/","title":{"rendered":"#MARZOARDE \u00abLA REBELI\u00d3N ES JUSTICIA\u00bb SERIE AUDIOVISUAL CAP 1\u00ba"},"content":{"rendered":"<p>[FM Riachuelo 12\/03\/2017]\u00a0Presentamos el primer cap\u00edtulo <span style=\"color: #ff0000\"><strong>\u00abEl Oso Cisneros\u00bb<\/strong> <\/span>de la serie documental <strong><span style=\"color: #ff0000\">\u00abLa Rebeli\u00f3n es Justicia\u00bb<\/span><\/strong>. Realizado por el <em>Equipo Audiovisual Riachuelo<\/em>.<\/p>\n<p>Miralo a continuaci\u00f3n:<\/p>\n<div class=\"epyt-video-wrapper\"><iframe loading=\"lazy\"  id=\"_ytid_70154\"  width=\"800\" height=\"450\"  data-origwidth=\"800\" data-origheight=\"450\"  data-relstop=\"1\" src=\"https:\/\/www.youtube.com\/embed\/Ficz-LDDRA8?enablejsapi=1&#038;autoplay=0&#038;cc_load_policy=0&#038;cc_lang_pref=&#038;iv_load_policy=1&#038;loop=0&#038;modestbranding=0&#038;rel=0&#038;fs=1&#038;playsinline=0&#038;autohide=2&#038;theme=dark&#038;color=red&#038;controls=1&#038;\" class=\"__youtube_prefs__  epyt-is-override  no-lazyload\" title=\"YouTube player\"  allow=\"fullscreen; accelerometer; autoplay; clipboard-write; encrypted-media; gyroscope; picture-in-picture\" allowfullscreen data-no-lazy=\"1\" data-skipgform_ajax_framebjll=\"\"><\/iframe><\/div>\n<p>Con este material reivindicamos la historia de vida y de compromiso militante de compa\u00f1eros como el Oso Cisneros o Lito Borello, Coordinador Nacional de nuestra organizaci\u00f3n y Secretario de Derechos Humanos de la CTEP, en un contexto de persecuci\u00f3n y criminalizaci\u00f3n de los que se organizan para luchar por la justicia social.<\/p>\n<p>Al Oso lo asesinaron \u00abpor sacar a los pibes de la droga\u00bb, por militar cotidianamente para construir poder popular en los barrios de la Ciudad de Buenos Aires. Por las mismas razones, la corporaci\u00f3n judicial decidi\u00f3, para el pr\u00f3ximo 21 de marzo, juzgar en juicio oral a Lito Borello, junto a Luis D\u00b4El\u00eda y Luis Bord\u00f3n, por la toma de la comisar\u00eda 24 de la Boca en la noche que mataron al Oso el 25 de junio de 2004. Hoy su asesino est\u00e1 libre.<\/p>\n<p>En los pr\u00f3ximos d\u00edas dinfundiremos los restantes cap\u00edtulos que completan la serie de 4 episodios.<\/p>\n<p>Invitamos a la circulaci\u00f3n y difusi\u00f3n de este material.<\/p>\n<p>Prensa Organizaci\u00f3n Social y Pol\u00edtica Los Pibes<\/p>\n","protected":false},"excerpt":{"rendered":"<p>[FM Riachuelo 12\/03\/2017]\u00a0Presentamos el primer cap\u00edtulo \u00abEl Oso Cisneros\u00bb de la serie documental \u00abLa Rebeli\u00f3n es Justicia\u00bb. Realizado por el Equipo Audiovisual Riachuelo. Miralo a continuaci\u00f3n: Con este material reivindicamos la historia de vida y de compromiso militante de compa\u00f1eros como el Oso Cisneros o Lito Borello, Coordinador Nacional de nuestra organizaci\u00f3n y Secretario de [&hellip;]<\/p>\n","protected":false},"author":4,"featured_media":3917,"comment_status":"open","ping_status":"open","sticky":false,"template":"","format":"standard","meta":{"_monsterinsights_skip_tracking":false,"_monsterinsights_sitenote_active":false,"_monsterinsights_sitenote_note":"","_monsterinsights_sitenote_category":0,"jnews-multi-image_gallery":[],"jnews_single_post":[],"jnews_primary_category":[],"_joinchat":[],"footnotes":""},"categories":[78,76,74,77,75],"tags":[],"class_list":["post-3914","post","type-post","status-publish","format-standard","has-post-thumbnail","hentry","category-economia-popular","category-salud-comunitaria","category-san-cayetano","category-soberania","category-trabajo"],"_links":{"self":[{"href":"http:\/\/fmriachuelo.it10.com.ar\/index.php\/wp-json\/wp\/v2\/posts\/3914","targetHints":{"allow":["GET"]}}],"collection":[{"href":"http:\/\/fmriachuelo.it10.com.ar\/index.php\/wp-json\/wp\/v2\/posts"}],"about":[{"href":"http:\/\/fmriachuelo.it10.com.ar\/index.php\/wp-json\/wp\/v2\/types\/post"}],"author":[{"embeddable":true,"href":"http:\/\/fmriachuelo.it10.com.ar\/index.php\/wp-json\/wp\/v2\/users\/4"}],"replies":[{"embeddable":true,"href":"http:\/\/fmriachuelo.it10.com.ar\/index.php\/wp-json\/wp\/v2\/comments?post=3914"}],"version-history":[{"count":0,"href":"http:\/\/fmriachuelo.it10.com.ar\/index.php\/wp-json\/wp\/v2\/posts\/3914\/revisions"}],"wp:featuredmedia":[{"embeddable":true,"href":"http:\/\/fmriachuelo.it10.com.ar\/index.php\/wp-json\/"}],"wp:attachment":[{"href":"http:\/\/fmriachuelo.it10.com.ar\/index.php\/wp-json\/wp\/v2\/media?parent=3914"}],"wp:term":[{"taxonomy":"category","embeddable":true,"href":"http:\/\/fmriachuelo.it10.com.ar\/index.php\/wp-json\/wp\/v2\/categories?post=3914"},{"taxonomy":"post_tag","embeddable":true,"href":"http:\/\/fmriachuelo.it10.com.ar\/index.php\/wp-json\/wp\/v2\/tags?post=3914"}],"curies":[{"name":"wp","href":"https:\/\/api.w.org\/{rel}","templated":true}]}}