{"id":391,"date":"2015-06-05T02:41:00","date_gmt":"2015-06-05T02:41:00","guid":{"rendered":"http:\/\/fmriachuelo.observatorioess.org.ar\/index.php\/2015\/06\/05\/colombia-dialogos-para-la-paz\/"},"modified":"2025-03-31T15:34:18","modified_gmt":"2025-03-31T18:34:18","slug":"colombia-dialogos-para-la-paz","status":"publish","type":"post","link":"http:\/\/fmriachuelo.it10.com.ar\/index.php\/2015\/06\/05\/colombia-dialogos-para-la-paz\/","title":{"rendered":"COLOMBIA: DIALOGOS PARA LA PAZ"},"content":{"rendered":"<p><span style=\"color: red;font-family: Verdana, sans-serif;font-size: large\"><strong>LA PAZ UN HORIZONTE POSIBLE<\/strong><\/span><br \/><span style=\"font-family: Verdana, sans-serif\"><strong>En un acuerdo hist\u00f3rico, el gobierno colombiano y las FARC acordaron crear una Comisi\u00f3n de la Verdad<\/strong><\/span><\/p>\n<div style=\"clear: both;text-align: center\"><a href=\"http:\/\/3.bp.blogspot.com\/-Uuyj07k6l5U\/VXEL2yP9iPI\/AAAAAAAAEmg\/n4BaylHI3K4\/s1600\/COLOMBIA.jpg\" style=\"clear: left;float: left;margin-bottom: 1em;margin-right: 1em\"><img decoding=\"async\" border=\"0\" src=\"http:\/\/3.bp.blogspot.com\/-Uuyj07k6l5U\/VXEL2yP9iPI\/AAAAAAAAEmg\/n4BaylHI3K4\/s1600\/COLOMBIA.jpg\" \/><\/a><\/div>\n<p><span style=\"font-family: Verdana, sans-serif\">El Gobierno y las Farc anunciaron este jueves que han llegado a un acuerdo para poner en marcha la creaci\u00f3n de una comisi\u00f3n para el esclarecimiento de la verdad, la convivencia y la no repetici\u00f3n, que tendr\u00e1 como finalidad que se esclarezca y conozca lo ocurrido en el conflicto, incluyendo las graves violaciones a los derechos humanos e infracciones al Derecho Internacional Humanitario (DIH).<\/p>\n<p>Este ser\u00e1 un mecanismo independiente e imparcial de car\u00e1cter extrajudicial y tendr\u00e1 como finalidad garantizar la participaci\u00f3n de las v\u00edctimas del conflicto, asegurar su dignificaci\u00f3n y contribuir a la satisfacci\u00f3n de su derecho a la verdad.<\/p>\n<p>El anuncio fue realizado en La Habana por los representantes de Cuba y Noruega, pa\u00edses garantes del proceso de paz, cuando se cierra el ciclo 37 de las conversaciones.<\/span><a name='more'><\/a><span style=\"font-family: Verdana, sans-serif\"><br \/>La Comisi\u00f3n har\u00e1 parte del sistema integral de verdad, justicia, reparaci\u00f3n y no repetici\u00f3n que se ha de acordar en la Mesa para satisfacer los derechos de las v\u00edctimas, terminar el conflicto y alcanzar la paz. Adem\u00e1s tendr\u00e1 el deber de esclarecer los hechos relacionados con la vulneraci\u00f3n de los derechos humanos y la complejidad de los contextos en los que se dieron.<\/p>\n<p>Para ello, se analizar\u00e1 el impacto social, los derechos econ\u00f3micos, sociales y pol\u00edticos. Tendr\u00e1 en cuenta las distintas experiencias, impacto diferencial y condiciones particulares de las personas en raz\u00f3n del sexo, g\u00e9nero, edad, etnia o situaci\u00f3n de discapacidad, y de las poblaciones o sectores en condiciones de vulnerabilidad o especialmente afectados por el conflicto.<\/p>\n<p>La Comisi\u00f3n de la Verdad adem\u00e1s buscar\u00e1 promover la convivencia y crear espacios en los que las v\u00edctimas se sientan dignificadas.<\/p>\n<p>Por su parte, Iv\u00e1n M\u00e1rquez, jefe de la delegaci\u00f3n de paz de las Farc en La Habana, expres\u00f3 la paradoja que para el grupo guerrillero significa que \u201cmientras los determinadores de la violencia piden c\u00e1rcel y m\u00e1s c\u00e1rcel, los humildes victimizados piden reconciliaci\u00f3n, reparaci\u00f3n y no repetici\u00f3n. Qu\u00e9 desprendimiento, qu\u00e9 acci\u00f3n de humanidad y amor por la patria\u201d, concluy\u00f3 durante la rueda de prensa.<\/p>\n<p>La Comisi\u00f3n estar\u00e1 formada por 11 personas que deber\u00e1n inspirar confianza en la ciudadan\u00eda y ser\u00e1n elegidos por un comit\u00e9 de escogencia compuesto por nueve integrantes. La Comisi\u00f3n tendr\u00e1 una duraci\u00f3n de tres a\u00f1os incluyendo la elaboraci\u00f3n del informe final y contar\u00e1 con seis meses para preparar todo lo necesario para su funcionamiento.<\/p>\n<p>Los tres objetivos de la Comisi\u00f3n<\/p>\n<p>\u2013 Deber\u00e1 contribuir al esclarecimiento de lo ocurrido: ofrecer una explicaci\u00f3n amplia de la complejidad del conflicto, de tal forma que se promueva un entendimiento compartido en la sociedad, en especial de los aspectos menos conocidos del conflicto.<\/p>\n<p>\u2013 Deber\u00e1 promover y contribuir al reconocimiento: reconocimiento de las v\u00edctimas como ciudadanos que vieron sus derechos vulnerados, el reconocimiento voluntario de responsabilidades individuales y colectivas por parte de todos quienes de manera directa o indirecta participaron en el conflicto como una contribuci\u00f3n a la verdad, a la justicia, a la reparaci\u00f3n y a la no repetici\u00f3n.<\/p>\n<p>\u2013 Deber\u00e1 promover la convivencia en los territorios: un ambiente de di\u00e1logo y espacios en los que las v\u00edctimas se vean dignificadas, se hagan reconocimientos individuales y colectivos de responsabilidad y, en general, se consoliden el respeto y la confianza ciudadana en el otro, la cooperaci\u00f3n y la solidaridad, la justicia social, la equidad de g\u00e9nero y una cultura democr\u00e1tica que cultive la tolerancia y nos libre de la indiferencia frente a los problemas de los dem\u00e1s.<\/span><\/p>\n<p><span style=\"color: blue;font-family: Verdana, sans-serif\">Fuente: Nodal, Producci\u00f3n Riachuelo<\/span><\/p>\n","protected":false},"excerpt":{"rendered":"<p>LA PAZ UN HORIZONTE POSIBLEEn un acuerdo hist\u00f3rico, el gobierno colombiano y las FARC acordaron crear una Comisi\u00f3n de la Verdad El Gobierno y las Farc anunciaron este jueves que han llegado a un acuerdo para poner en marcha la creaci\u00f3n de una comisi\u00f3n para el esclarecimiento de la verdad, la convivencia y la no [&hellip;]<\/p>\n","protected":false},"author":4,"featured_media":0,"comment_status":"open","ping_status":"open","sticky":false,"template":"","format":"standard","meta":{"_monsterinsights_skip_tracking":false,"_monsterinsights_sitenote_active":false,"_monsterinsights_sitenote_note":"","_monsterinsights_sitenote_category":0,"jnews-multi-image_gallery":[],"jnews_single_post":{"format":"standard"},"jnews_primary_category":[],"_joinchat":[],"footnotes":""},"categories":[58],"tags":[70,119],"class_list":["post-391","post","type-post","status-publish","format-standard","hentry","category-noticiariachuelo","tag-de-la-patria-grande","tag-derechos-humanos"],"_links":{"self":[{"href":"http:\/\/fmriachuelo.it10.com.ar\/index.php\/wp-json\/wp\/v2\/posts\/391","targetHints":{"allow":["GET"]}}],"collection":[{"href":"http:\/\/fmriachuelo.it10.com.ar\/index.php\/wp-json\/wp\/v2\/posts"}],"about":[{"href":"http:\/\/fmriachuelo.it10.com.ar\/index.php\/wp-json\/wp\/v2\/types\/post"}],"author":[{"embeddable":true,"href":"http:\/\/fmriachuelo.it10.com.ar\/index.php\/wp-json\/wp\/v2\/users\/4"}],"replies":[{"embeddable":true,"href":"http:\/\/fmriachuelo.it10.com.ar\/index.php\/wp-json\/wp\/v2\/comments?post=391"}],"version-history":[{"count":1,"href":"http:\/\/fmriachuelo.it10.com.ar\/index.php\/wp-json\/wp\/v2\/posts\/391\/revisions"}],"predecessor-version":[{"id":23515,"href":"http:\/\/fmriachuelo.it10.com.ar\/index.php\/wp-json\/wp\/v2\/posts\/391\/revisions\/23515"}],"wp:attachment":[{"href":"http:\/\/fmriachuelo.it10.com.ar\/index.php\/wp-json\/wp\/v2\/media?parent=391"}],"wp:term":[{"taxonomy":"category","embeddable":true,"href":"http:\/\/fmriachuelo.it10.com.ar\/index.php\/wp-json\/wp\/v2\/categories?post=391"},{"taxonomy":"post_tag","embeddable":true,"href":"http:\/\/fmriachuelo.it10.com.ar\/index.php\/wp-json\/wp\/v2\/tags?post=391"}],"curies":[{"name":"wp","href":"https:\/\/api.w.org\/{rel}","templated":true}]}}