{"id":3904,"date":"2017-03-11T03:53:37","date_gmt":"2017-03-11T03:53:37","guid":{"rendered":"http:\/\/fmriachuelo.com.ar\/ljkjklj\/?p=3904"},"modified":"2017-03-11T03:53:37","modified_gmt":"2017-03-11T03:53:37","slug":"ctep-comunicado-de-la-conferencia-de-prensa","status":"publish","type":"post","link":"http:\/\/fmriachuelo.it10.com.ar\/index.php\/2017\/03\/11\/ctep-comunicado-de-la-conferencia-de-prensa\/","title":{"rendered":"#MARZOARDE CTEP, COMUNICADO DE LA CONFERENCIA DE PRENSA"},"content":{"rendered":"<p><strong>Contra este modelo de exclusi\u00f3n y miseria<\/strong><\/p>\n<p><strong>Por el Trabajo y la Justicia Social<\/strong><\/p>\n<p><strong>Por la aplicaci\u00f3n inmediata de la Emergencia Social<\/strong><\/p>\n<p>El mi\u00e9rcoles 15 de marzo, a tres meses de la sanci\u00f3n de la ley de Emergencia Social que al d\u00eda de la fecha sigue sin implementarse, los movimientos y trabajadores de la econom\u00eda popular realizaremos una jornada nacional de lucha con manifestaciones y ollas populares en distintos puntos del pa\u00eds contra la pol\u00edtica econ\u00f3mica neoliberal adoptada por el Gobierno Nacional que destruye puestos de trabajo, transfiere la riqueza hacia los ricos, castiga a los trabajadores, empobrece a nuestro Pueblo, multiplica la indigencia y endeuda a las generaciones futuras.<\/p>\n<p>Asimismo, manifestamos que el Gobierno Nacional ha incumplido todos los compromisos asumidos con los trabajadores en la Argentina: La pobreza lejos de acercarse al prometido 0% aumenta diariamente, el narcotr\u00e1fico se apodera impunemente de los barrios asesinando nuestros militantes,\u00a0 hijos y vecinos; los argentinos estamos cada vez menos unidos producto de una pol\u00edtica deliberada de persecuci\u00f3n, revanchismo y divisi\u00f3n de la sociedad que promueve falsas antinomias y brechas.<\/p>\n<p>Pese a este contexto y las m\u00faltiples instancias de di\u00e1logo, el gobierno se ha incumplido todas las medidas paliativas acordadas con las organizaciones sindicales y sociales. No se cumple el \u201cpacto antidespidos\u201d y la ley 27345 pese a declarar al pa\u00eds en una situaci\u00f3n de emergencia no se ha implementado para atender precisamente esta emergencia.<\/p>\n<p>Pareciera que para los funcionarios dialogar es prometer y no cumplir, conversar y no realizar. Para nosotros eso se llama mentir y jugar con el hambre de nuestras familias. Hemos agotado todas las instancias de di\u00e1logo y participado comprometidamente en todas las mesas de trabajo pero la paciencia tiene un l\u00edmite y ese l\u00edmite es la sufrimiento de cientos de miles de trabajadores que sufren cada d\u00eda m\u00e1s y exigen a sus organizaciones salir a luchar por la justicia social.<\/p>\n<ol>\n<li>Por la <strong>implementaci\u00f3n inmediata de la Ley de Emergencia Social<\/strong>, cajoneada hace 3 meses por el Gobierno Nacional y la creaci\u00f3n inmediata de los 400.000 puestos de trabajo directos que contempla la Ley.<\/li>\n<li>Por un piso m\u00ednimo equivalente a la <strong>Canasta B\u00e1sica Alimentaria (6.300 pesos)<\/strong> para todos los programas de empleo con contraprestaci\u00f3n laboral para terminar con la indigencia entre los trabajadores de la econom\u00eda popular.<\/li>\n<li>Por la entrega inmediata de las herramientas para decenas de miles de trabajadores sin tareas del Programa Argentina Trabaja y el respeto a todos nuestros derechos laborales (obra social, ART, seguro de vida, etc.).<\/li>\n<li>Por la regularizaci\u00f3n dominial e integraci\u00f3n urbana de los 4085 asentamientos que las organizaciones recorrimos censamos en el Relevamiento Nacional de Barrios Populares<\/li>\n<li>Por la finalizaci\u00f3n de las 85.000 viviendas sociales sin terminar en toda la Argentina.<\/li>\n<li>Por un mill\u00f3n de lotes con servicios sobre tierras fiscales, cr\u00e9ditos para la construcci\u00f3n y autoconstrucci\u00f3n de viviendas para resolver el d\u00e9ficit habitacional de nuestro pa\u00eds. Aprobaci\u00f3n de la ley de producci\u00f3n social autogestionaria del h\u00e1bitat popular.<\/li>\n<li>Por el respeto a los pueblos originarios y comunidades campesinas frente a la ola de desalojos y represi\u00f3n, entrega de certificados de relevamiento ind\u00edgena y reafirmaci\u00f3n de los derechos territoriales consagrados en la Constituci\u00f3n y tratados internacionales.<\/li>\n<li>Por asistencia real al sector de la agricultura familiar en su situaci\u00f3n de emergencia clim\u00e1tica, la aprobaci\u00f3n de la ley de acceso a la tierra (6224-D-2016) y la reglamentaci\u00f3n inmediata de la ley nacional 27.118 (reparaci\u00f3n hist\u00f3rica de agricultura familiar).<\/li>\n<li>Por 250.000 nuevas chacras para los campesinos, horticultores y trabajadores de la tierra sometidos a alquileres extorsivos para garantizar la producci\u00f3n de alimentos sanos y accesibles.<\/li>\n<li>Por un programa nacional de reciclado con inclusi\u00f3n social con respeto a los derechos humanos y laborales de todos los cartoneros, carreros y recicladores. Basta de perseguir a quienes se ven obligados a trabajar en carro por falta de alternativas consensuadas sustentables.<\/li>\n<li>Por la apertura de 1000 polos textiles para luchar contra el trabajo esclavo en la industria de la indumentaria sin perseguir al trabajador.<\/li>\n<li>Por la apertura de ferias y paseos comerciales cooperativos para todos los trabajadores de la v\u00eda p\u00fablica, manteros y vendedores ambulantes.<\/li>\n<li>Por la expropiaci\u00f3n de todas las f\u00e1bricas y empresas recuperadas de la Argentina y apertura de 3000 talleres de producci\u00f3n de manufactura intensiva para defender la industria nacional cooperativa.<\/li>\n<li>Por el fin de la violencia institucional en villas, comisar\u00edas y penales. Basta de mafias narco-policiales, gatillo f\u00e1cil, violencia y violaciones a los derechos<\/li>\n<li>Por la libertad de Milagro Sala y todos los presos pol\u00edticos. Basta de represi\u00f3n, el espionaje y persecuci\u00f3n a organizaciones populares. Por el inmediato sobreseimiento de Lito Borello, Secretario de DDHH de la CTEP. Exigimos tambi\u00e9n justicia por Dar\u00edo \u201cIki\u201d Juli\u00e1n, C\u00e9sar M\u00e9ndez y todos los militantes populares asesinados. \u00a0Exigimos que se frene el hostigamiento y amenazas a dirigentes sociales c\u00f3mo las sufridas por Juan Carlos Alderete (CCC).<\/li>\n<\/ol>\n","protected":false},"excerpt":{"rendered":"<p>Contra este modelo de exclusi\u00f3n y miseria Por el Trabajo y la Justicia Social Por la aplicaci\u00f3n inmediata de la Emergencia Social El mi\u00e9rcoles 15 de marzo, a tres meses de la sanci\u00f3n de la ley de Emergencia Social que al d\u00eda de la fecha sigue sin implementarse, los movimientos y trabajadores de la econom\u00eda [&hellip;]<\/p>\n","protected":false},"author":4,"featured_media":3905,"comment_status":"open","ping_status":"open","sticky":false,"template":"","format":"standard","meta":{"_monsterinsights_skip_tracking":false,"_monsterinsights_sitenote_active":false,"_monsterinsights_sitenote_note":"","_monsterinsights_sitenote_category":0,"jnews-multi-image_gallery":[],"jnews_single_post":[],"jnews_primary_category":[],"_joinchat":[],"footnotes":""},"categories":[75],"tags":[],"class_list":["post-3904","post","type-post","status-publish","format-standard","has-post-thumbnail","hentry","category-trabajo"],"_links":{"self":[{"href":"http:\/\/fmriachuelo.it10.com.ar\/index.php\/wp-json\/wp\/v2\/posts\/3904","targetHints":{"allow":["GET"]}}],"collection":[{"href":"http:\/\/fmriachuelo.it10.com.ar\/index.php\/wp-json\/wp\/v2\/posts"}],"about":[{"href":"http:\/\/fmriachuelo.it10.com.ar\/index.php\/wp-json\/wp\/v2\/types\/post"}],"author":[{"embeddable":true,"href":"http:\/\/fmriachuelo.it10.com.ar\/index.php\/wp-json\/wp\/v2\/users\/4"}],"replies":[{"embeddable":true,"href":"http:\/\/fmriachuelo.it10.com.ar\/index.php\/wp-json\/wp\/v2\/comments?post=3904"}],"version-history":[{"count":0,"href":"http:\/\/fmriachuelo.it10.com.ar\/index.php\/wp-json\/wp\/v2\/posts\/3904\/revisions"}],"wp:featuredmedia":[{"embeddable":true,"href":"http:\/\/fmriachuelo.it10.com.ar\/index.php\/wp-json\/"}],"wp:attachment":[{"href":"http:\/\/fmriachuelo.it10.com.ar\/index.php\/wp-json\/wp\/v2\/media?parent=3904"}],"wp:term":[{"taxonomy":"category","embeddable":true,"href":"http:\/\/fmriachuelo.it10.com.ar\/index.php\/wp-json\/wp\/v2\/categories?post=3904"},{"taxonomy":"post_tag","embeddable":true,"href":"http:\/\/fmriachuelo.it10.com.ar\/index.php\/wp-json\/wp\/v2\/tags?post=3904"}],"curies":[{"name":"wp","href":"https:\/\/api.w.org\/{rel}","templated":true}]}}