{"id":3901,"date":"2017-03-11T03:57:15","date_gmt":"2017-03-11T03:57:15","guid":{"rendered":"http:\/\/fmriachuelo.com.ar\/ljkjklj\/?p=3901"},"modified":"2017-03-11T03:57:15","modified_gmt":"2017-03-11T03:57:15","slug":"ctep-movimientos-populares-anuncian-plan-de-lucha","status":"publish","type":"post","link":"http:\/\/fmriachuelo.it10.com.ar\/index.php\/2017\/03\/11\/ctep-movimientos-populares-anuncian-plan-de-lucha\/","title":{"rendered":"CTEP: MOVIMIENTOS POPULARES ANUNCIAN PLAN DE LUCHA"},"content":{"rendered":"<p>[FM Riachuelo 10\/03\/2017] Hoy al mediod\u00eda, \u00a0en la sede de la Confederaci\u00f3n de la Econom\u00eda Popular (CTEP), del barrio porte\u00f1o de Constituci\u00f3n, se realiz\u00f3 una Conferencia \u00a0de Prensa en\u00a0donde se\u00a0anunci\u00f3 un plan de lucha que se inicia el proximo miercoles 15 de marzo y que se realizar\u00e1 en laS calles con movilizaciones y ollas populares. El triunvirato de \u201cSan Cayetano\u201d compuesto por la CTEP, Barrios de Pie y la CCC junto a las distintas\u00a0organizaciones sociales coincidieron en expresar la gravedad de la situaci\u00f3n que atraviesan los sectores populares frente a las pol\u00edticas del gobierno nacional.<\/p>\n<p>Escuch\u00e1 las voces de la Conferencia de Prensa de: Esteban \u00abGringo\u00bb Castro, Lito Borello, Juan Grabois a continuaci\u00f3n:<\/p>\n<p>El conjunto de los movimientos populares y organizaciones sociales decidieron iniciar un plan de lucha en unidad frente a\u00a0\u00a0este gobierno sin sensibilidad social que no manifiesta voluntad pol\u00edtica para dar respuesta a las necesidades de los sectores m\u00e1s vulnerables de la sociedad, tal lo expresado en el <a href=\"http:\/\/fmriachuelo.com.ar\/ljkjklj\/blog\/2017\/03\/11\/ctep-comunicado-de-la-conferencia-de-prensa\/\">COMUNICADO<\/a>.<\/p>\n<p>Esteban \u00abGringo\u00bb Castro, Secretario Gral de la CTEP, expres\u00f3 la importante ca\u00edda en la actividad que vienen sufriendo los trabajadores de la econom\u00eda popular, en sus distintas ramas, mientras no se reglamenta efectivamente la Ley de Emergencia Social al mismo tiempo que aumenta la velocidad para la transferencia de recursos para los sectores concentrados.<\/p>\n<p><img loading=\"lazy\" decoding=\"async\" class=\"size-medium wp-image-3910 alignleft\" src=\"http:\/\/fmriachuelo.com.ar\/ljkjklj\/wp-content\/uploads\/2017\/03\/WhatsApp-Image-2017-03-10-at-12.27.17-300x169.jpeg\" alt=\"\" width=\"300\" height=\"169\" \/><\/p>\n<p>\u00abMientras se realizan operaciones medi\u00e1ticas, en medio de un show televisivo, para crear confusi\u00f3n en la poblaci\u00f3n, el gobierno lleva adelante una pol\u00edtica que perjudica cada vez m\u00e1s a los sectores populares\u00bb as\u00ed lo expres\u00f3 Lito Borello, secretario de DD.HH. de la CTEP, consultado al finalizar la conferencia de prensa.<\/p>\n<p>&nbsp;<\/p>\n<p>LEE EL\u00a0<a href=\"http:\/\/fmriachuelo.com.ar\/ljkjklj\/blog\/2017\/03\/11\/ctep-comunicado-de-la-conferencia-de-prensa\/\">COMUNICADO<\/a>\u00a0COMPLETO<\/p>\n<p>&nbsp;<\/p>\n<p>&nbsp;<\/p>\n<p>&nbsp;<\/p>\n","protected":false},"excerpt":{"rendered":"<p>[FM Riachuelo 10\/03\/2017] Hoy al mediod\u00eda, \u00a0en la sede de la Confederaci\u00f3n de la Econom\u00eda Popular (CTEP), del barrio porte\u00f1o de Constituci\u00f3n, se realiz\u00f3 una Conferencia \u00a0de Prensa en\u00a0donde se\u00a0anunci\u00f3 un plan de lucha que se inicia el proximo miercoles 15 de marzo y que se realizar\u00e1 en laS calles con movilizaciones y ollas populares. [&hellip;]<\/p>\n","protected":false},"author":4,"featured_media":3902,"comment_status":"open","ping_status":"open","sticky":false,"template":"","format":"standard","meta":{"_monsterinsights_skip_tracking":false,"_monsterinsights_sitenote_active":false,"_monsterinsights_sitenote_note":"","_monsterinsights_sitenote_category":0,"jnews-multi-image_gallery":[],"jnews_single_post":[],"jnews_primary_category":[],"_joinchat":[],"footnotes":""},"categories":[78,76,75],"tags":[],"class_list":["post-3901","post","type-post","status-publish","format-standard","has-post-thumbnail","hentry","category-economia-popular","category-salud-comunitaria","category-trabajo"],"_links":{"self":[{"href":"http:\/\/fmriachuelo.it10.com.ar\/index.php\/wp-json\/wp\/v2\/posts\/3901","targetHints":{"allow":["GET"]}}],"collection":[{"href":"http:\/\/fmriachuelo.it10.com.ar\/index.php\/wp-json\/wp\/v2\/posts"}],"about":[{"href":"http:\/\/fmriachuelo.it10.com.ar\/index.php\/wp-json\/wp\/v2\/types\/post"}],"author":[{"embeddable":true,"href":"http:\/\/fmriachuelo.it10.com.ar\/index.php\/wp-json\/wp\/v2\/users\/4"}],"replies":[{"embeddable":true,"href":"http:\/\/fmriachuelo.it10.com.ar\/index.php\/wp-json\/wp\/v2\/comments?post=3901"}],"version-history":[{"count":0,"href":"http:\/\/fmriachuelo.it10.com.ar\/index.php\/wp-json\/wp\/v2\/posts\/3901\/revisions"}],"wp:featuredmedia":[{"embeddable":true,"href":"http:\/\/fmriachuelo.it10.com.ar\/index.php\/wp-json\/"}],"wp:attachment":[{"href":"http:\/\/fmriachuelo.it10.com.ar\/index.php\/wp-json\/wp\/v2\/media?parent=3901"}],"wp:term":[{"taxonomy":"category","embeddable":true,"href":"http:\/\/fmriachuelo.it10.com.ar\/index.php\/wp-json\/wp\/v2\/categories?post=3901"},{"taxonomy":"post_tag","embeddable":true,"href":"http:\/\/fmriachuelo.it10.com.ar\/index.php\/wp-json\/wp\/v2\/tags?post=3901"}],"curies":[{"name":"wp","href":"https:\/\/api.w.org\/{rel}","templated":true}]}}