{"id":390,"date":"2015-06-05T02:46:00","date_gmt":"2015-06-05T02:46:00","guid":{"rendered":"http:\/\/fmriachuelo.observatorioess.org.ar\/index.php\/2015\/06\/05\/peru-masivas-protestas-anti-minas\/"},"modified":"2025-03-31T15:34:57","modified_gmt":"2025-03-31T18:34:57","slug":"peru-masivas-protestas-anti-minas","status":"publish","type":"post","link":"http:\/\/fmriachuelo.it10.com.ar\/index.php\/2015\/06\/05\/peru-masivas-protestas-anti-minas\/","title":{"rendered":"PER\u00da: MASIVAS PROTESTAS ANTI MINAS"},"content":{"rendered":"<p><span style=\"color: red;font-family: Verdana, sans-serif;font-size: large\"><strong>LUCHA ORGANIZADA CONTRA EL EXTRACTIVISMO<\/strong><\/span><br \/><span style=\"font-family: Verdana, sans-serif\"><strong>T\u00eda Mar\u00eda: Dirigentes antimineros organizan paro nacional contra proyecto<\/strong><\/span><\/p>\n<div style=\"clear: both;text-align: center\"><a href=\"http:\/\/2.bp.blogspot.com\/-D4vxEpXmA8o\/VXEMw_1HPKI\/AAAAAAAAEmo\/MF-gqDTXzHo\/s1600\/Per%25C3%25BA-paro-antiminero.jpg\" style=\"clear: left;float: left;margin-bottom: 1em;margin-right: 1em\"><img loading=\"lazy\" decoding=\"async\" border=\"0\" height=\"179\" src=\"http:\/\/2.bp.blogspot.com\/-D4vxEpXmA8o\/VXEMw_1HPKI\/AAAAAAAAEmo\/MF-gqDTXzHo\/s320\/Per%25C3%25BA-paro-antiminero.jpg\" width=\"320\" \/><\/a><\/div>\n<div style=\"text-align: justify\"><span style=\"font-family: Verdana, sans-serif\">Desde que el gobierno declar\u00f3 el estado de emergencia en la provincia de Islay, en Arequipa, ante los hechos de violencia durante las protestas contra del proyecto minero T\u00eda Mar\u00eda, ya no se registran m\u00e1s acciones similares en la zona de conflicto y, ante ello, los dirigentes antimineros organizan con sus pares del pa\u00eds una paralizaci\u00f3n de alcance nacional.<\/p>\n<p>El representante del Comit\u00e9 de Solidaridad con el Valle de Tambo, Jorge del Carpio Lazo, anunci\u00f3 que los dirigentes de los gremios del sur, quienes el 27 y 28 de mayo acataron un paro de 48 horas, decidieron convocar a los delegados del centro, norte y oriente.<\/p>\n<p>El d\u00eda y el tipo de medida se definir\u00e1 en los pr\u00f3ximos d\u00edas, luego de que los dirigentes de todas las regiones participen en una asamblea extraordinaria en Lima, dijo.<\/span><a name='more'><\/a><span style=\"font-family: Verdana, sans-serif\"><br \/>Seg\u00fan manifest\u00f3 el dirigente, en ese encuentro tambi\u00e9n evaluar\u00e1n si incluyen en su plataforma nacional de protesta la vacancia del presidente Ollanta Humala.<\/p>\n<p>Asimismo, asegur\u00f3 que se registran abusos de la Polic\u00eda en Islay, aprovechando el estado de emergencia.<\/p>\n<p>Agreg\u00f3 que los agentes ingresan a las viviendas para detener a los hombres que participaron en las protestas.<\/p>\n<p>Dinero de Southern<\/p>\n<p>En tanto, se inform\u00f3 que los 10 millones de soles que el presidente de Southern Cooper, \u00d3scar Gonz\u00e1lez Rocha, ofreci\u00f3 para los agricultores del Tambo no ser\u00e1n utilizados por el gobierno regional.<\/p>\n<p>La gobernadora regional de Arequipa, Yamila Osorio, inform\u00f3 que antes de utilizar el presupuesto de la compa\u00f1\u00eda minera, primero se deber\u00e1n absolver las dudas que los agricultores y residentes de Islay tienen respecto de la contaminaci\u00f3n a los cultivos que podr\u00edan ocasionar las operaciones del proyecto T\u00eda Mar\u00eda.<\/p>\n<p>El pedido de un paro nacional contra el proyecto cupr\u00edfero T\u00eda Mar\u00eda, que demandaron los dirigentes de Arequipa tras concluir el paro de 48 horas del 27 y 28 de mayo pasado, ser\u00e1 tratado en una asamblea nacional extraordinaria los d\u00edas 13 y 14 de junio en la sede del Sindicato de Trabajadores Portuarios, en el Callao.<\/p>\n<p>A la reuni\u00f3n, convocada por la Confederaci\u00f3n General de Trabajadores del Per\u00fa (CGTP) y los Frentes Regionales, asistir\u00e1n cerca de 400 delegados de organizaciones agrarias, sindicatos y la sociedad civil.<\/p>\n<p>El secretario general de la Federaci\u00f3n Departamental de Trabajadores de Arequipa (FDTA), Ger\u00f3nimo L\u00f3pez, refiri\u00f3 que la propuesta que llevar\u00e1 su gremio a esta asamblea ser\u00e1 la ejecuci\u00f3n de un paro nacional de 72 horas los d\u00edas 7, 8 y 9 de julio pr\u00f3ximo.<\/p>\n<p>\u201cPondremos a debate la propuesta arequipe\u00f1a. Pero la medida de lucha saldr\u00e1 de esa reuni\u00f3n. Nosotros vamos a llevar diez delegados a Lima\u201d, agreg\u00f3 el dirigente de la FDTA.<\/p>\n<p>Por su parte, el dirigente de la Coordinadora de Frentes Regionales de la CGTP, Efra\u00edn Y\u00e9pes, refiri\u00f3 que se evaluar\u00e1n los paros y movilizaciones que se han realizado hasta la fecha. Luego se escuchar\u00e1n las posiciones de las bases.<\/p>\n<p>En la cita tambi\u00e9n se analizar\u00e1n los problemas sociales, pol\u00edticos y econ\u00f3micos que vive el pa\u00eds . Y se plantear\u00e1 otro paro nacional para el 9 de julio.<\/span><\/p>\n<div style=\"text-align: justify\"><span style=\"font-family: Verdana\"><\/span>&nbsp;<\/div>\n<div style=\"text-align: justify\"><span style=\"color: blue;font-family: Verdana\">Fuente: Resumen Latinoamericano\/Agencias, Producci\u00f3n Riachuelo<\/span><\/div>\n<\/div>\n","protected":false},"excerpt":{"rendered":"<p>LUCHA ORGANIZADA CONTRA EL EXTRACTIVISMOT\u00eda Mar\u00eda: Dirigentes antimineros organizan paro nacional contra proyecto Desde que el gobierno declar\u00f3 el estado de emergencia en la provincia de Islay, en Arequipa, ante los hechos de violencia durante las protestas contra del proyecto minero T\u00eda Mar\u00eda, ya no se registran m\u00e1s acciones similares en la zona de conflicto [&hellip;]<\/p>\n","protected":false},"author":4,"featured_media":0,"comment_status":"open","ping_status":"open","sticky":false,"template":"","format":"standard","meta":{"_monsterinsights_skip_tracking":false,"_monsterinsights_sitenote_active":false,"_monsterinsights_sitenote_note":"","_monsterinsights_sitenote_category":0,"jnews-multi-image_gallery":[],"jnews_single_post":{"format":"standard"},"jnews_primary_category":[],"_joinchat":[],"footnotes":""},"categories":[58],"tags":[70,71],"class_list":["post-390","post","type-post","status-publish","format-standard","hentry","category-noticiariachuelo","tag-de-la-patria-grande","tag-de-la-tierra"],"_links":{"self":[{"href":"http:\/\/fmriachuelo.it10.com.ar\/index.php\/wp-json\/wp\/v2\/posts\/390","targetHints":{"allow":["GET"]}}],"collection":[{"href":"http:\/\/fmriachuelo.it10.com.ar\/index.php\/wp-json\/wp\/v2\/posts"}],"about":[{"href":"http:\/\/fmriachuelo.it10.com.ar\/index.php\/wp-json\/wp\/v2\/types\/post"}],"author":[{"embeddable":true,"href":"http:\/\/fmriachuelo.it10.com.ar\/index.php\/wp-json\/wp\/v2\/users\/4"}],"replies":[{"embeddable":true,"href":"http:\/\/fmriachuelo.it10.com.ar\/index.php\/wp-json\/wp\/v2\/comments?post=390"}],"version-history":[{"count":1,"href":"http:\/\/fmriachuelo.it10.com.ar\/index.php\/wp-json\/wp\/v2\/posts\/390\/revisions"}],"predecessor-version":[{"id":23516,"href":"http:\/\/fmriachuelo.it10.com.ar\/index.php\/wp-json\/wp\/v2\/posts\/390\/revisions\/23516"}],"wp:attachment":[{"href":"http:\/\/fmriachuelo.it10.com.ar\/index.php\/wp-json\/wp\/v2\/media?parent=390"}],"wp:term":[{"taxonomy":"category","embeddable":true,"href":"http:\/\/fmriachuelo.it10.com.ar\/index.php\/wp-json\/wp\/v2\/categories?post=390"},{"taxonomy":"post_tag","embeddable":true,"href":"http:\/\/fmriachuelo.it10.com.ar\/index.php\/wp-json\/wp\/v2\/tags?post=390"}],"curies":[{"name":"wp","href":"https:\/\/api.w.org\/{rel}","templated":true}]}}