{"id":389,"date":"2015-06-05T12:59:00","date_gmt":"2015-06-05T12:59:00","guid":{"rendered":"http:\/\/fmriachuelo.observatorioess.org.ar\/index.php\/2015\/06\/05\/mexico-natalicio-de-pancho-villa\/"},"modified":"2025-03-31T15:35:36","modified_gmt":"2025-03-31T18:35:36","slug":"mexico-natalicio-de-pancho-villa","status":"publish","type":"post","link":"http:\/\/fmriachuelo.it10.com.ar\/index.php\/2015\/06\/05\/mexico-natalicio-de-pancho-villa\/","title":{"rendered":"MEXICO: NATALICIO DE PANCHO VILLA"},"content":{"rendered":"<p><span style=\"color: red;font-family: Verdana, sans-serif;font-size: large\"><strong>LOS NUESTROS<\/strong><\/span><\/p>\n<div style=\"text-align: justify\"><a href=\"http:\/\/1.bp.blogspot.com\/-SRM_Vcz2YX8\/VXGa7_NmdtI\/AAAAAAAAEnA\/7qkY7ypn7wI\/s1600\/villa.jpg\" style=\"clear: left;float: left;margin-bottom: 1em;margin-right: 1em\"><\/a><a href=\"http:\/\/1.bp.blogspot.com\/-SRM_Vcz2YX8\/VXGa7_NmdtI\/AAAAAAAAEnA\/7qkY7ypn7wI\/s1600\/villa.jpg\" style=\"clear: left;float: left;margin-bottom: 1em;margin-right: 1em\"><img loading=\"lazy\" decoding=\"async\" border=\"0\" height=\"267\" src=\"http:\/\/1.bp.blogspot.com\/-SRM_Vcz2YX8\/VXGa7_NmdtI\/AAAAAAAAEnA\/7qkY7ypn7wI\/s320\/villa.jpg\" width=\"320\" \/><\/a><br \/><span style=\"font-family: Verdana, sans-serif;font-size: large\"><strong>A 137 a\u00f1os del natalicio del primer gran revolucionario mexicano. <\/strong><\/span><\/p>\n<div style=\"text-align: justify\"><span style=\"font-family: Verdana, sans-serif;font-size: large\"><strong>H\u00e9roe Nacional<\/strong><\/span><\/div>\n<p><strong><span style=\"font-family: Verdana;font-size: large\"><\/span><\/strong><\/p>\n<div style=\"text-align: justify\"><span style=\"font-family: Verdana\">En v\u00edsperas de las pr\u00f3ximas elecciones en Mexico se conmemora y se recuerda el legado del gran l\u00edder revolucionario que luch\u00f3 contras las injusticias, la dictadura y que hizo suya la defensa de los m\u00e1s postergados. Sus banderas hoy adquieren vigencia en un momento en que este pa\u00eds hermano se halla asolado por la violencia, &nbsp;las disputas entre los poderes econ\u00f3micos y aplastado bajo la bota de la dominaci\u00f3n imperial. <\/span><\/div>\n<div style=\"text-align: justify\"><span style=\"font-family: Verdana\"><\/span>&nbsp;<\/div>\n<div style=\"text-align: justify\"><span style=\"font-family: Verdana, sans-serif\"><strong>Jos\u00e9 Doroteo Arango Arambula<\/strong>, mejor conocido como <strong>Pancho Villa<\/strong>, naci\u00f3 un d\u00eda como hoy, 5 de junio pero de 1878 y muri\u00f3 el 20 de julio de 1923. Nativo de Durango, M\u00e9xico, es considerado uno de los m\u00e1s importantes generales de la Revoluci\u00f3n Mexicana cuyo legado aun hoy en d\u00eda se mantiene vivo, principalmente en los sectores campesinos del pa\u00eds del norte.<\/p>\n<p>De familia muy pobre, jam\u00e1s cont\u00f3 con una buena formaci\u00f3n debido a lo precario del escenario familiar. La cual lo oblig\u00f3 a refugiarse como fugitivo en las monta\u00f1as por estar relacionado al asesinato de los due\u00f1os de la hacienda en la que laboraba como campesino. Situaci\u00f3n en la que se encontraba cuando estall\u00f3 la Revoluci\u00f3n de 1910 y que quiz\u00e1s lo anim\u00f3 a sumarse a ese movimiento.<\/span><\/div>\n<p><span style=\"font-family: Verdana, sans-serif\"><\/span><a name='more'><\/a><span style=\"font-family: Verdana, sans-serif\"><br \/>Dentro de las filas de Madero, Villa encontr\u00f3 gran identificaci\u00f3n ideol\u00f3gica con el movimiento en especial contra la dictadura de Porfirio D\u00edaz, demostrando ser un guerrero nato para lo cual  Aprovech\u00f3 su conocimiento del terreno y de los campesinos, formando r\u00e1pidamente su propio ej\u00e9rcito en el norte de M\u00e9xico, con el que contribuy\u00f3 al triunfo del movimiento revolucionario.<\/p>\n<p>En 1912 fue encarcelado, al sospechar el general Victoriano Huerta que estaba implicado en la rebeli\u00f3n de Orozco en defensa de las aspiraciones sociales del campesinado, que Madero hab\u00eda postergado. Consigui\u00f3 escapar a los Estados Unidos y, tras el asesinato de Madero, regres\u00f3 a M\u00e9xico y form\u00f3 un nuevo ej\u00e9rcito revolucionario, la Divisi\u00f3n del Norte (1913).<\/p>\n<p>En 1920, el nuevo presidente Adolfo de la Huerta le ofreci\u00f3 una amnist\u00eda y un rancho en Chihuahua, a cambio de cesar sus actividades y retirarse de la pol\u00edtica.<\/p>\n<p>Huerta le cedi\u00f3 una gran propiedad que \u00e9l convirti\u00f3 en una \u00abcolonia militar\u00bb para sus exsoldados. En 1923 decidi\u00f3 volver a involucrarse en la pol\u00edtica mexicana y como resultado fue asesinado.<\/p>\n<p>Aunque no se le acept\u00f3 en el pante\u00f3n \u00abde los h\u00e9roes nacionales\u00bb, sino hasta 20 a\u00f1os despu\u00e9s de su muerte, su memoria se honra hoy por mexicanos, estadounidenses y personas de todo el mundo. Adem\u00e1s, numerosas calles y barrios en M\u00e9xico y otros pa\u00edses han sido nombrados en su honor. <\/span><br \/><span style=\"font-family: Verdana\"><\/span><br \/><span style=\"color: blue;font-family: Verdana\">Fuente: Venezolana de Televisi\u00f3n, Producci\u00f3n Riachuelo<\/span><\/p>\n<div style=\"clear: both;text-align: center\"><strong><\/strong>&nbsp;<\/div>\n<\/div>\n","protected":false},"excerpt":{"rendered":"<p>LOS NUESTROS A 137 a\u00f1os del natalicio del primer gran revolucionario mexicano. H\u00e9roe Nacional En v\u00edsperas de las pr\u00f3ximas elecciones en Mexico se conmemora y se recuerda el legado del gran l\u00edder revolucionario que luch\u00f3 contras las injusticias, la dictadura y que hizo suya la defensa de los m\u00e1s postergados. Sus banderas hoy adquieren vigencia [&hellip;]<\/p>\n","protected":false},"author":4,"featured_media":0,"comment_status":"open","ping_status":"open","sticky":false,"template":"","format":"standard","meta":{"_monsterinsights_skip_tracking":false,"_monsterinsights_sitenote_active":false,"_monsterinsights_sitenote_note":"","_monsterinsights_sitenote_category":0,"jnews-multi-image_gallery":[],"jnews_single_post":{"format":"standard"},"jnews_primary_category":[],"_joinchat":[],"footnotes":""},"categories":[58],"tags":[70,72],"class_list":["post-389","post","type-post","status-publish","format-standard","hentry","category-noticiariachuelo","tag-de-la-patria-grande","tag-historia-de-la-lucha-de-los-pueblos"],"_links":{"self":[{"href":"http:\/\/fmriachuelo.it10.com.ar\/index.php\/wp-json\/wp\/v2\/posts\/389","targetHints":{"allow":["GET"]}}],"collection":[{"href":"http:\/\/fmriachuelo.it10.com.ar\/index.php\/wp-json\/wp\/v2\/posts"}],"about":[{"href":"http:\/\/fmriachuelo.it10.com.ar\/index.php\/wp-json\/wp\/v2\/types\/post"}],"author":[{"embeddable":true,"href":"http:\/\/fmriachuelo.it10.com.ar\/index.php\/wp-json\/wp\/v2\/users\/4"}],"replies":[{"embeddable":true,"href":"http:\/\/fmriachuelo.it10.com.ar\/index.php\/wp-json\/wp\/v2\/comments?post=389"}],"version-history":[{"count":1,"href":"http:\/\/fmriachuelo.it10.com.ar\/index.php\/wp-json\/wp\/v2\/posts\/389\/revisions"}],"predecessor-version":[{"id":23517,"href":"http:\/\/fmriachuelo.it10.com.ar\/index.php\/wp-json\/wp\/v2\/posts\/389\/revisions\/23517"}],"wp:attachment":[{"href":"http:\/\/fmriachuelo.it10.com.ar\/index.php\/wp-json\/wp\/v2\/media?parent=389"}],"wp:term":[{"taxonomy":"category","embeddable":true,"href":"http:\/\/fmriachuelo.it10.com.ar\/index.php\/wp-json\/wp\/v2\/categories?post=389"},{"taxonomy":"post_tag","embeddable":true,"href":"http:\/\/fmriachuelo.it10.com.ar\/index.php\/wp-json\/wp\/v2\/tags?post=389"}],"curies":[{"name":"wp","href":"https:\/\/api.w.org\/{rel}","templated":true}]}}