{"id":388,"date":"2015-06-05T14:05:00","date_gmt":"2015-06-05T14:05:00","guid":{"rendered":"http:\/\/fmriachuelo.observatorioess.org.ar\/index.php\/2015\/06\/05\/la-boca-resiste-y-propone-contra-la-violencia-institucional\/"},"modified":"2025-03-31T15:36:43","modified_gmt":"2025-03-31T18:36:43","slug":"la-boca-resiste-y-propone-contra-la-violencia-institucional","status":"publish","type":"post","link":"http:\/\/fmriachuelo.it10.com.ar\/index.php\/2015\/06\/05\/la-boca-resiste-y-propone-contra-la-violencia-institucional\/","title":{"rendered":"LA BOCA RESISTE Y PROPONE: CONTRA LA VIOLENCIA INSTITUCIONAL"},"content":{"rendered":"<div><span style=\"color: red;font-family: Verdana, sans-serif;font-size: large\"><strong>LOS HABITANTES DEL BARRIO Y LAS INSTITUCIONES HERMANADAS EN LAS LUCHAS<\/strong><\/span><\/div>\n<div><span style=\"font-family: Verdana, sans-serif;font-size: large\"><strong>Jornada contra la violencia en la Escuela 10 de La Boca<\/strong><\/span><\/div>\n<div style=\"clear: both;text-align: center\"><a href=\"http:\/\/1.bp.blogspot.com\/-hMNE8Rh1uCU\/VXGryep_StI\/AAAAAAAAEnQ\/_kAqNWZRsNs\/s1600\/la%2Bboca%2Bresiste.jpg\" style=\"clear: left;float: left;margin-bottom: 1em;margin-right: 1em\"><img loading=\"lazy\" decoding=\"async\" border=\"0\" height=\"239\" src=\"http:\/\/1.bp.blogspot.com\/-hMNE8Rh1uCU\/VXGryep_StI\/AAAAAAAAEnQ\/_kAqNWZRsNs\/s320\/la%2Bboca%2Bresiste.jpg\" width=\"320\" \/><\/a><\/div>\n<div style=\"text-align: justify\"><span style=\"font-family: Verdana, sans-serif\">El 8 de mayo tuvo lugar el D\u00eda Nacional de la Lucha contra la Violencia Institucional.&nbsp; En este marco se realiza este evento el Viernes 5 de Junio a las 14 hs en nuestra escuela del barrio, ubicada en Lamadrid 499 esquina Mart\u00edn Rodr\u00edguez.<\/p>\n<p> Propondremos distintas actividades para poder debatir y trabajar junto a los ni\u00f1os, padres y diferentes componentes de la comunidad educativa, esta problem\u00e1tica que nos preocupa y que enfrentamos diariamente.<br \/> Para ello contaremos con la presencia de trabajadores del Cesac n\u00ba 41, Centro Social de Salud del Hospital Argerich, Red de trabajadores de La Boca Barracas, Mov. Para todos, Todo, Cidac, Programa Paebyt, Maestros de La Boca, Ute, O.S y P Los Pibes, FM Riachuelo, Boca es Pueblo, La Boca Resiste y Propone.<\/p>\n<p>Tambi\u00e9n contaremos con la presencia de la Defensor\u00eda del Pueblo quienes presentar\u00e1n la obra de teatro \u201cUn peque\u00f1o detalle\u201d, que es un recurso que act\u00faa como disparador para el tratamiento y an\u00e1lisis de varios ejes tem\u00e1ticos relacionados con con\ufb02ictos y violencia. Es un punto de partida para tomar conciencia sobre las diferentes problem\u00e1ticas que se pueden producir en las aulas, en la instituci\u00f3n o en la vida, para promover la educaci\u00f3n en valores, para posibilitar que los chicos puedan conocer y ejercer sus derechos y responsabilidades como integrantes de la comunidad y para que la comunidad educativa en su conjunto, como parte del entramado social, asuma el protagonismo en las diferentes estrategias, en el intercambio, re\ufb02exi\u00f3n y elaboraci\u00f3n de nuevos proyectos comunitarios, como as\u00ed tambi\u00e9n en la creaci\u00f3n de alternativas preventivas orientadas a generar y fortalecer los lazos sociales.<\/p>\n<p> \u00a1\u00a1 Los esperamos !!<\/span><\/div>\n<div style=\"text-align: justify\"><span style=\"font-family: Verdana\"><\/span>&nbsp;<\/div>\n<div style=\"text-align: justify\"><span style=\"color: blue;font-family: Verdana\">Fuente: La Boca Resiste y Propone, Producci\u00f3n Riachuelo<\/span><\/div>\n","protected":false},"excerpt":{"rendered":"<p>LOS HABITANTES DEL BARRIO Y LAS INSTITUCIONES HERMANADAS EN LAS LUCHAS Jornada contra la violencia en la Escuela 10 de La Boca El 8 de mayo tuvo lugar el D\u00eda Nacional de la Lucha contra la Violencia Institucional.&nbsp; En este marco se realiza este evento el Viernes 5 de Junio a las 14 hs en [&hellip;]<\/p>\n","protected":false},"author":4,"featured_media":0,"comment_status":"open","ping_status":"open","sticky":false,"template":"","format":"standard","meta":{"_monsterinsights_skip_tracking":false,"_monsterinsights_sitenote_active":false,"_monsterinsights_sitenote_note":"","_monsterinsights_sitenote_category":0,"jnews-multi-image_gallery":[],"jnews_single_post":{"format":"standard"},"jnews_primary_category":[],"_joinchat":[],"footnotes":""},"categories":[58],"tags":[101,147,89],"class_list":["post-388","post","type-post","status-publish","format-standard","hentry","category-noticiariachuelo","tag-educacion","tag-habitat","tag-violencia-institucional"],"_links":{"self":[{"href":"http:\/\/fmriachuelo.it10.com.ar\/index.php\/wp-json\/wp\/v2\/posts\/388","targetHints":{"allow":["GET"]}}],"collection":[{"href":"http:\/\/fmriachuelo.it10.com.ar\/index.php\/wp-json\/wp\/v2\/posts"}],"about":[{"href":"http:\/\/fmriachuelo.it10.com.ar\/index.php\/wp-json\/wp\/v2\/types\/post"}],"author":[{"embeddable":true,"href":"http:\/\/fmriachuelo.it10.com.ar\/index.php\/wp-json\/wp\/v2\/users\/4"}],"replies":[{"embeddable":true,"href":"http:\/\/fmriachuelo.it10.com.ar\/index.php\/wp-json\/wp\/v2\/comments?post=388"}],"version-history":[{"count":1,"href":"http:\/\/fmriachuelo.it10.com.ar\/index.php\/wp-json\/wp\/v2\/posts\/388\/revisions"}],"predecessor-version":[{"id":23518,"href":"http:\/\/fmriachuelo.it10.com.ar\/index.php\/wp-json\/wp\/v2\/posts\/388\/revisions\/23518"}],"wp:attachment":[{"href":"http:\/\/fmriachuelo.it10.com.ar\/index.php\/wp-json\/wp\/v2\/media?parent=388"}],"wp:term":[{"taxonomy":"category","embeddable":true,"href":"http:\/\/fmriachuelo.it10.com.ar\/index.php\/wp-json\/wp\/v2\/categories?post=388"},{"taxonomy":"post_tag","embeddable":true,"href":"http:\/\/fmriachuelo.it10.com.ar\/index.php\/wp-json\/wp\/v2\/tags?post=388"}],"curies":[{"name":"wp","href":"https:\/\/api.w.org\/{rel}","templated":true}]}}