{"id":384,"date":"2015-06-08T13:22:00","date_gmt":"2015-06-08T13:22:00","guid":{"rendered":"http:\/\/fmriachuelo.observatorioess.org.ar\/index.php\/2015\/06\/08\/mexico-elecciones\/"},"modified":"2025-03-31T15:57:05","modified_gmt":"2025-03-31T18:57:05","slug":"mexico-elecciones","status":"publish","type":"post","link":"http:\/\/fmriachuelo.it10.com.ar\/index.php\/2015\/06\/08\/mexico-elecciones\/","title":{"rendered":"MEXICO: ELECCIONES"},"content":{"rendered":"<p><span style=\"color: red;font-family: Verdana, sans-serif;font-size: large\"><strong>EN RECHAZO A LA PARTIDOCRACIA<\/strong><\/span><br \/><span style=\"font-family: Verdana, sans-serif;font-size: large\"><strong>Con quema de urnas y represi\u00f3n transcurrienon las elecciones en M\u00e9xico<\/strong><\/span> <\/p>\n<div style=\"clear: both;text-align: center\"><a href=\"http:\/\/3.bp.blogspot.com\/-AXj2HaDMwi4\/VXWWQJB07yI\/AAAAAAAAEow\/Wce8hXacRgg\/s1600\/MEXICO.png\" style=\"clear: left;float: left;margin-bottom: 1em;margin-right: 1em\"><img loading=\"lazy\" decoding=\"async\" border=\"0\" height=\"179\" src=\"http:\/\/3.bp.blogspot.com\/-AXj2HaDMwi4\/VXWWQJB07yI\/AAAAAAAAEow\/Wce8hXacRgg\/s320\/MEXICO.png\" width=\"320\" \/><\/a><\/div>\n<div style=\"text-align: justify\"><span style=\"font-family: Verdana, sans-serif\">Los resultados preliminares&nbsp;&nbsp;favorecen al partido del presidente Enrique Pe\u00f1a Nieto, la jornada electoral estuvo marcada por&nbsp;una gran&nbsp;abstenci\u00f3n (56 por ciento), seg\u00fan el Instituto Nacional Electoral de Mexico.<\/span><\/div>\n<div style=\"text-align: justify\"><span style=\"font-family: Verdana\"><\/span>&nbsp;<\/div>\n<div style=\"text-align: justify\"><span style=\"font-family: Verdana, sans-serif\">En la jornada de ayer se registraron incidentes en varias ciudades. El abstencionismo y la nulidad de voto amenazaron con ser record hist\u00f3rico. Los Estados del sur fueron los m\u00e1s comprometidos, en Tixtle peligr\u00f3 el comicio. El palacio municipal de Guerrero fue ocupado por patotas pr\u00edistas. En Oaxaca hubo un fuerte despliegue represivo con cientos de detenidos y al menos seis heridos de balas.<\/p>\n<p>Transcurrieron las elecciones en M\u00e9xico con un fuerte rechazo. En Tixtle, Guerrerro donde desaparecieron los 43 normalistas, se declaro la nulidad de las elecciones. En la plaza principal de Oaxaca los maestros de la Coordinadora Nacional de Trabajadores de la Educaci\u00f3n(CNTE) y el pueblo realizaron quema de boletas de los candidatos. En el mismo sentido la misi\u00f3n de observaci\u00f3n electoral de la OEA suspendi\u00f3 el envi\u00f3 de personal por falta de seguridad, \u201cLa funcionaria del Instituto Electoral de Guerrero, Marisela Reyes declar\u00f3, seg\u00fan reporta la revista Proceso, que la elecci\u00f3n en el municipio de Tixtla queda oficialmente anulada debido a que los normalistas y los padres de Ayotzinapa quemaron m\u00e1s del veinte por ciento de casillas del lugar. Sin embargo, los reportes desde Tixtla dicen que las casillas del proceso de elecci\u00f3n federal funcionan bajo el resguardo del grupo de choque encabezado por el candidato pri\u00edsta\u201d, Expresa el portal Desinformemosnos.<\/p>\n<p>En numerosas ciudades se registraron incidentes en la realizaci\u00f3n del escrutinio y hasta se han tenido que suspender mesas. Los Estados del sur fueron los m\u00e1s comprometidos. El Gobierno mexicano se pronunci\u00f3 sobre lo sucedido como \u201chechos menores\u201d.<\/span><\/div>\n<div style=\"text-align: justify\"><span style=\"font-family: Verdana, sans-serif\"><\/span><br \/><a name='more'><\/a><span style=\"font-family: Verdana, sans-serif\"><br \/>Por la tarde se registr\u00f3 un incidente en el palacio municipal en Guerrero que manten\u00edan tomado desde hace meses los familiares de los 43 y organizaciones sociales en reclamo de justicia. Posteriormente fueron desalojados por el candidato a alcalde del PRI junto a unas 300 personas armadas con palos.<br \/> Mientras tanto se registran fuertes \u00edndices de votos impugnados, nulos y abstenciones.<\/p>\n<p>Ayer, en v\u00edsperas de las elecciones, falleci\u00f3 el l\u00edder magisterial Juan Villegas Tenorio por hemorragias luego de haber sido golpeado brutalmente junto a otros dos profesores por polic\u00edas estatales, durante los hechos violentos registrados el mismo d\u00eda en Tlapa, Guerrero. D\u00edas previos tambi\u00e9n recibieron un ataque un grupo de estudiantes que culmino con ocho heridos. En Sonora Mineros y pobladores bloquearon los accesos a la mina Buenavista del Cobre, propiedad del Grupo M\u00e9xico y debi\u00f3 intervenir el ej\u00e9rcito para contener la protesta por mejoras en las condiciones laborales. Las elecciones mexicanas est\u00e1n opacadas por la represi\u00f3n.<\/p>\n<p>En un comunicado la Asamblea de Pueblos del Itsmo informa sobre el ataque perpetrado, \u201cHoy 7 de junio siendo aproximadamente las 10:00 am fue atacada nuestra comunidad Zapoteca (Binniz\u00e1) de Gui\u00b4xhi\u00b4Ro\u00b4- \u00c1lvaro Obreg\u00f3n qui\u00e9nes nos mantenemos en Asamblea permanente como parte de la jornada de boicot electoral y la exigencia de presentaci\u00f3n con vida de los 43 normalistas desaparecidos de Ayotzinapa, Guerrero; El grupolidereado por Jorge Alonso qui\u00e9n a su vez recibe ordenes directas de su presidente Sa\u00fal Vicente Vasquez qui\u00e9n surgi\u00f3 de la COCEI-PRD y ahora mal gobierna el municipio de Juchit\u00e1n, nos atacaron a balazos a los que nos encontr\u00e1bamos reunidos en el parque de la comunidad, como pudimos nos defendimos de la agresi\u00f3n del grupo armado. Hasta el momento se reportan seis heridos, tres de gravedad, por parte de la Asamblea Comunitaria de \u00c1lvaro Obreg\u00f3n qui\u00e9nes continuamos en Asamblea permanente en el centro de nuestra poblaci\u00f3n y hacemos un llamado para que los medios de comunicaci\u00f3n, organizaciones y sociedad en general est\u00e9n al pendiente de lo que suceda en las pr\u00f3ximas horas.<\/span><br \/><span style=\"font-family: Verdana, sans-serif\"><br \/><span style=\"color: blue\">Fuente: Anred, Telesur, Producci\u00f3n Riachuelo<\/span><br \/><i><\/i>&nbsp;<\/span>&nbsp;<\/div>\n","protected":false},"excerpt":{"rendered":"<p>EN RECHAZO A LA PARTIDOCRACIACon quema de urnas y represi\u00f3n transcurrienon las elecciones en M\u00e9xico Los resultados preliminares&nbsp;&nbsp;favorecen al partido del presidente Enrique Pe\u00f1a Nieto, la jornada electoral estuvo marcada por&nbsp;una gran&nbsp;abstenci\u00f3n (56 por ciento), seg\u00fan el Instituto Nacional Electoral de Mexico. &nbsp; En la jornada de ayer se registraron incidentes en varias ciudades. El [&hellip;]<\/p>\n","protected":false},"author":4,"featured_media":0,"comment_status":"open","ping_status":"open","sticky":false,"template":"","format":"standard","meta":{"_monsterinsights_skip_tracking":false,"_monsterinsights_sitenote_active":false,"_monsterinsights_sitenote_note":"","_monsterinsights_sitenote_category":0,"jnews-multi-image_gallery":[],"jnews_single_post":{"format":"standard"},"jnews_primary_category":[],"_joinchat":[],"footnotes":""},"categories":[58],"tags":[70,167],"class_list":["post-384","post","type-post","status-publish","format-standard","hentry","category-noticiariachuelo","tag-de-la-patria-grande","tag-politica-internacional"],"_links":{"self":[{"href":"http:\/\/fmriachuelo.it10.com.ar\/index.php\/wp-json\/wp\/v2\/posts\/384","targetHints":{"allow":["GET"]}}],"collection":[{"href":"http:\/\/fmriachuelo.it10.com.ar\/index.php\/wp-json\/wp\/v2\/posts"}],"about":[{"href":"http:\/\/fmriachuelo.it10.com.ar\/index.php\/wp-json\/wp\/v2\/types\/post"}],"author":[{"embeddable":true,"href":"http:\/\/fmriachuelo.it10.com.ar\/index.php\/wp-json\/wp\/v2\/users\/4"}],"replies":[{"embeddable":true,"href":"http:\/\/fmriachuelo.it10.com.ar\/index.php\/wp-json\/wp\/v2\/comments?post=384"}],"version-history":[{"count":1,"href":"http:\/\/fmriachuelo.it10.com.ar\/index.php\/wp-json\/wp\/v2\/posts\/384\/revisions"}],"predecessor-version":[{"id":23523,"href":"http:\/\/fmriachuelo.it10.com.ar\/index.php\/wp-json\/wp\/v2\/posts\/384\/revisions\/23523"}],"wp:attachment":[{"href":"http:\/\/fmriachuelo.it10.com.ar\/index.php\/wp-json\/wp\/v2\/media?parent=384"}],"wp:term":[{"taxonomy":"category","embeddable":true,"href":"http:\/\/fmriachuelo.it10.com.ar\/index.php\/wp-json\/wp\/v2\/categories?post=384"},{"taxonomy":"post_tag","embeddable":true,"href":"http:\/\/fmriachuelo.it10.com.ar\/index.php\/wp-json\/wp\/v2\/tags?post=384"}],"curies":[{"name":"wp","href":"https:\/\/api.w.org\/{rel}","templated":true}]}}