{"id":3816,"date":"2017-03-08T02:40:17","date_gmt":"2017-03-08T02:40:17","guid":{"rendered":"http:\/\/fmriachuelo.com.ar\/ljkjklj\/?p=3816"},"modified":"2017-03-08T02:40:17","modified_gmt":"2017-03-08T02:40:17","slug":"marzoarde-una-multitud-desbordo-la-convocatoria-a-la-movilizacion-de-los-trabajadores-contra-las-politicas-de-macri","status":"publish","type":"post","link":"http:\/\/fmriachuelo.it10.com.ar\/index.php\/2017\/03\/08\/marzoarde-una-multitud-desbordo-la-convocatoria-a-la-movilizacion-de-los-trabajadores-contra-las-politicas-de-macri\/","title":{"rendered":"#MARZOARDE UNA MULTITUD DESBORD\u00d3 LA CONVOCATORIA A LA MOVILIZACI\u00d3N DE LOS TRABAJADORES CONTRA LAS POL\u00cdTICAS DE MACRI"},"content":{"rendered":"<p>MEDIO MILL\u00d3N DE TRABAJADORES Y TRABAJADORAS REPUDIARON A MACRI Y EXIGIERON A LA CGT PARO GENERAL EN MARZO<\/p>\n<p>[Agencia Resistir y Luchar<strong>*<\/strong>, 07\/03\/2017].-Otra vez cientos de miles de trabajadores y trabajadoras (las cifras hablan de 500 mil), se volcaron a las calles de Buenos Aires y todo el pa\u00eds para gritar su protesta frente a una pol\u00edtica econ\u00f3mica neoliberal que est\u00e1 conduciendo a la sociedad al precipicio y exigir paro general. La convocatoria de las centrales gremiales: CGT y la Central de Trabajadores de la Econom\u00eda Popular (CTEP), junto con organizaciones sociales como la Corriente Clasista Combativa y Barrios de Pie y otros movimientos\u00a0populares fue respondida\u00a0en forma masiva.<\/p>\n<p><span style=\"color: #ff0000\"><span style=\"color: #000000\">Los referentes de la Mesa Gremial 19 y 20 de la CTEP hablaron de\u00a0la movilizaci\u00f3n, \u00a0con el conjunto de los trabajadores y adem\u00e1s se refirieron, \u00a0en el contexto de #MarzoArde, \u00a0\u00a0a la importante movilizaci\u00f3n que se realizar\u00e1 el pr\u00f3ximo 21 de marzo, \u00a0<strong>Contra la Criminalizaci\u00f3n de la Protesta<\/strong> frente a los Tribunales de Comodoro Py.\u00a0Escuch\u00e1 la Cobertura <span style=\"color: #ff0000\"><strong>FM Riachuelo<\/strong><\/span>:\u00a0<\/span><\/span><\/p>\n<p>&nbsp;<\/p>\n<p>En ese marco multitudinario hubo dos aspectos que, \u00a0sin ning\u00fan tipo de dudas, \u00a0mostraron el nivel que est\u00e1 adquiriendo la rebeld\u00eda popular en el pa\u00eds. Por un lado, la bronca generalizada de quienes alrededor del palco, donde estaba toda la conducci\u00f3n de la CGT, estallaron en gritos de \u201cparo general\u201d y \u201cbasta de traidores\u201d.\u00a0 Cuando el dirigente del gremio de la Sanidad y del triunvirato cegetista H\u00e9ctor Daer cometi\u00f3 un furcio: dijo que el paro \u201ciba a ser a fin de a\u00f1o\u201d y luego corrigi\u00f3 \u201ca fin de mes\u201d, se rebals\u00f3 el vaso. Comenz\u00f3 a subir un griter\u00edo desde abajo del tinglado, que al son de los bombos y redoblantes expresaba: \u201cPon\u00e9 la fecha, la puta que te pari\u00f3\u201d. Daer no quiso escuchar e insisti\u00f3 en no decir el d\u00eda que se viene reclamando hace pr\u00e1cticamente un a\u00f1o. Y fue como tirar gasolina al fuego.<\/p>\n<p>M\u00e1s all\u00e1 de lo ahora dice Daer, que fueron \u201cun peque\u00f1o grupito de infiltrados\u201d de una organizacion kirchnerista y de un intendente bonaerense (d\u00e9cadas atr\u00e1s se le echaba la culpa a los \u201czurditos\u201d), lo cierto es que quienes m\u00e1s ped\u00edan una urgente definici\u00f3n para ir a la huelga contra el Gobierno fueron los mismos trabajadores alineados en la CGT: hab\u00eda militantes de la Uni\u00f3n Tranviarios Automotor, Alimentaci\u00f3n, Construcci\u00f3n y otros similares que, \u00a0m\u00e1s all\u00e1 de lo que pudieran pensar sus conducciones, \u00a0se rebelaron todos a la vez, y como ya ocurriera d\u00edas atr\u00e1s en un hist\u00f3rico plenario de delegados de base en la misma central sindical, expresaron lo que siente la gran mayor\u00eda de los argentinos y argentinas a los que se devora la inflaci\u00f3n.<\/p>\n<p>Como en las viejas \u00e9pocas en que la burocracia sindical era denunciada en asambleas de f\u00e1brica o en actos de masas, muchos trabajadores saltaron las vallas que los separaban del palco, varios de ellos lograron treparse al escenario e hicieron que los dirigentes tuvieran que abandonar el lugar custodiados por sus grupos de seguridad. Mientras esto ocurr\u00eda, el disgusto se extendi\u00f3 como un reguero de p\u00f3lvora, y miles de asistentes repet\u00edan la consigna del \u00a1paro ya! y una advertencia que tambi\u00e9n tiene historia acumulada: \u201cCon los dirigentes a la cabeza o con la cabeza de los dirigentes\u201d, logrando entusiasmar con sus gritos\u00a0 a muchos otros que no hab\u00edan podido acercarse al escenario debido a la enorme cantidad de personas que se movilizaron.<\/p>\n<p>El otro factor a tener en cuenta es la consolidaci\u00f3n del movimiento social organizado, nucleado alrededor de la CTEP, que logr\u00f3 armar una columna imponente de decenas de miles de militantes llegados desde los barrios m\u00e1s humildes y que mostraban sus banderas de procedencia pero tambi\u00e9n las pancartas reivindicativas exigiendo que se termine la pol\u00edtica de exclusi\u00f3n y hambre a que los condena el macrismo. La CTEP volvi\u00f3 a demostrar,\u00a0 que lleg\u00f3 para quedarse y que junto con el movimiento obrero organizado, de igual a igual, va forjando el nuevo sujeto hist\u00f3rico de estos a\u00f1os dif\u00edciles, as\u00ed como en los 90 fueron los fogoneros de la Patagonia primero y los piqueteros despu\u00e9s.<\/p>\n<p>As\u00ed es como pudieron aprecirse enormes contingentes juveniles del Movimiento Evita, la Corriente 19 y 20, el Movimiento de Trabajadores Excluidos, el Movimiento Popular La Dignidad, La Garganta Poderosa, la Organizaci\u00f3n Social y Pol\u00edtica Los Pibes, la OLP-Sim\u00f3n Bol\u00edvar, la Uni\u00f3n de Trabajadores de la Tierra, Patria Grande, el Movimiento Seamos Libres,\u00a0 el Frente Popular Dar\u00edo Santill\u00e1n, Barrios de Pie, la Coordinadora Clasista y Combativa, entre muchas organizaciones populares, se entremezclaron en varios puntos de la marcha con los sindicatos industriales como Camioneros, Alimentaci\u00f3n, Ladrilleros, Textiles, Estibadores, Portuarios, sindicato del Cuero y muchos otros, que con los gremios de la Corriente Sindical Federal,\u00a0 los estatales de ATE y UPCN y las dos CTA. De esa manera fueron construyendo una de las grandes movilizaciones que se recuerdan de los \u00faltimos a\u00f1os, superior incluso a la del 29 de abril. Macri lo ha hecho posible y si a sus asesores les queda algo diferente a su autoritarismo y pedanter\u00eda tendr\u00e1n que reflexionar sobre lo que viene ocurriendo en este marzo caliente: el lunes 70 mil docentes manifestando su repudio al gobierno, a los que se sumaron este martes cientos de miles personas de todos los sindicatos y organizaciones sociales, y el mi\u00e9rcoles 8 de marzo las mujeres trabajadoras, estudiantes, campesinas, no se quedar\u00e1n atr\u00e1s en expresar su protesta.<\/p>\n<p>&nbsp;<\/p>\n<p><strong>*Resumen Latinoamericano, Revista Venceremos, FM Riachuelo<\/strong><\/p>\n","protected":false},"excerpt":{"rendered":"<p>MEDIO MILL\u00d3N DE TRABAJADORES Y TRABAJADORAS REPUDIARON A MACRI Y EXIGIERON A LA CGT PARO GENERAL EN MARZO [Agencia Resistir y Luchar*, 07\/03\/2017].-Otra vez cientos de miles de trabajadores y trabajadoras (las cifras hablan de 500 mil), se volcaron a las calles de Buenos Aires y todo el pa\u00eds para gritar su protesta frente a [&hellip;]<\/p>\n","protected":false},"author":4,"featured_media":3818,"comment_status":"open","ping_status":"open","sticky":false,"template":"","format":"standard","meta":{"_monsterinsights_skip_tracking":false,"_monsterinsights_sitenote_active":false,"_monsterinsights_sitenote_note":"","_monsterinsights_sitenote_category":0,"jnews-multi-image_gallery":[],"jnews_single_post":[],"jnews_primary_category":[],"_joinchat":[],"footnotes":""},"categories":[78,76,75],"tags":[],"class_list":["post-3816","post","type-post","status-publish","format-standard","has-post-thumbnail","hentry","category-economia-popular","category-salud-comunitaria","category-trabajo"],"_links":{"self":[{"href":"http:\/\/fmriachuelo.it10.com.ar\/index.php\/wp-json\/wp\/v2\/posts\/3816","targetHints":{"allow":["GET"]}}],"collection":[{"href":"http:\/\/fmriachuelo.it10.com.ar\/index.php\/wp-json\/wp\/v2\/posts"}],"about":[{"href":"http:\/\/fmriachuelo.it10.com.ar\/index.php\/wp-json\/wp\/v2\/types\/post"}],"author":[{"embeddable":true,"href":"http:\/\/fmriachuelo.it10.com.ar\/index.php\/wp-json\/wp\/v2\/users\/4"}],"replies":[{"embeddable":true,"href":"http:\/\/fmriachuelo.it10.com.ar\/index.php\/wp-json\/wp\/v2\/comments?post=3816"}],"version-history":[{"count":0,"href":"http:\/\/fmriachuelo.it10.com.ar\/index.php\/wp-json\/wp\/v2\/posts\/3816\/revisions"}],"wp:featuredmedia":[{"embeddable":true,"href":"http:\/\/fmriachuelo.it10.com.ar\/index.php\/wp-json\/"}],"wp:attachment":[{"href":"http:\/\/fmriachuelo.it10.com.ar\/index.php\/wp-json\/wp\/v2\/media?parent=3816"}],"wp:term":[{"taxonomy":"category","embeddable":true,"href":"http:\/\/fmriachuelo.it10.com.ar\/index.php\/wp-json\/wp\/v2\/categories?post=3816"},{"taxonomy":"post_tag","embeddable":true,"href":"http:\/\/fmriachuelo.it10.com.ar\/index.php\/wp-json\/wp\/v2\/tags?post=3816"}],"curies":[{"name":"wp","href":"https:\/\/api.w.org\/{rel}","templated":true}]}}