{"id":3810,"date":"2017-03-06T23:02:26","date_gmt":"2017-03-06T23:02:26","guid":{"rendered":"http:\/\/fmriachuelo.com.ar\/ljkjklj\/?p=3810"},"modified":"2017-03-06T23:02:26","modified_gmt":"2017-03-06T23:02:26","slug":"marzoarde-multitudinaria-y-masiva-movilizacion-de-los-trabajadores-de-la-educacion","status":"publish","type":"post","link":"http:\/\/fmriachuelo.it10.com.ar\/index.php\/2017\/03\/06\/marzoarde-multitudinaria-y-masiva-movilizacion-de-los-trabajadores-de-la-educacion\/","title":{"rendered":"#MARZOARDE MULTITUDINARIA Y MASIVA MOVILIZACION DE LOS TRABAJADORES DE LA EDUCACI\u00d3N"},"content":{"rendered":"<p>MARZO CALIENTE: 70.000 MIL MAESTRAS Y MAESTROS MARCHARON EXIGIENDO APERTURA DE LA DISCUSI\u00d3N SALARIAL<\/p>\n<p>[AGENCIA RESISTIR Y LUCHAR*, 6 marzo 2017].-Hace mucho que no se presenciaba en Buenos Aires una marcha docente de tal envergadura. Alrededor de 70 mil maestros y maestras acompa\u00f1ados de militantes de organizaciones sociales y populares y gremios solidarios. Entre ellos estaban los trabajadores y trabajadoras de ATE, que tambi\u00e9n hoy iniciaron un paro general de 48 horas, e integrantes de la Corriente Gremial 19 y 20, de la Central de Trabajadores de la Econom\u00eda Popular (CTEP).Todas y todos ellos coincidieron en gritarle a los funcionarios del Ministerio de Educaci\u00f3n (adonde finalmente lleg\u00f3 la manifestaci\u00f3n) su exigencia de \u201cparitaria nacional docente, ya\u201d.<\/p>\n<p>Escuch\u00e1 la cobertura de <span style=\"color: #ff0000\"><strong>FM Riachuelo<\/strong><\/span> y testimonios de la econom\u00eda popular y sus referentes:<\/p>\n<p>Los secretarios generales de los cinco gremios docentes nacionales -CTERA, UDA, SADOP, AMET y CEA- fueron los encargados de advertir que no est\u00e1n dispuestos a aflojar y que si no hay di\u00e1logo que exprese la realidad de las reivindicaciones del sector y no se atiende el tema de la apertura de una paritaria nacional que discuta cu\u00e1l es el salario que corresponde a un gremio que se halla absolutamente postergado, el plan de lucha y la huelga va a seguir y no habr\u00e1 (como hoy no hubo) comienzo de clases.<\/p>\n<p>Desde la Plaza del Congreso hasta el Palacio Pizzurno, donde est\u00e1 la sede del Ministerio que encabeza Est\u00e9ban Bullrich, la movilizaci\u00f3n fue compacta, colorida y bulliciosa. Miles de pancartas, carteles improvisados escritos a mano hablaban de \u201cMacri con los maestros no se juega\u201d, exig\u00edan \u201cense\u00f1anza de calidad con sueldos que nos permitan comer\u201d, o c\u00e1nticos que le propon\u00edan a \u201cMauricio (el Presidente) que sea maestro de primer grado\u201d y vea si puede vivir con 8 mil pesos.<\/p>\n<p>Al frente de la columna, pudo verse a la plana mayor del Frente Nacional Docente portando una enorme bandera con la consigna \u201cApertura de paritarias\u201d. Alli marchaban Sonia Alesso, de la Confederaci\u00f3n de Trabajadores de la Educaci\u00f3n (CTERA), Sergio Romero, de la Uni\u00f3n de Docentes Argentinos (UDA), Mario Almir\u00f3n, de Docentes Privados (Sadop), H\u00e9ctor Cova , de la Asociaci\u00f3n del Magisterio de Ense\u00f1anza T\u00e9cnica, Fabi\u00e1n Felman, de la Confederaci\u00f3n de Educadores Argentinos (CEA), Eduardo L\u00f3pez, de la Uni\u00f3n de Trabajadores de la Educaci\u00f3n (UTE-Ctera), y uno de los referentes m\u00e1s aclamados (y m\u00e1s amenazado en los \u00faltimos d\u00edas), Roberto Baradel, de Suteba-Ctera (Sindicato Unificado de Trabajadores de la Educaci\u00f3n de Buenos Aires).<\/p>\n<p>Una vez en el palco, al que tambi\u00e9n se subieron dirigentes de las dos CTA, como Hugo Yaski y Pablo Micheli, adem\u00e1s del cegetista Carlos Acu\u00f1a, rompi\u00f3 el fuego Sonia Alesso, quien evocando a los \u201cmaestros y maestras luchadores que no est\u00e1n como Alfredo Bravo o Carlos Fuentealba, este \u00faltimo asesinado por la polic\u00eda, o dirigentes sindicales como Agust\u00edn Tosco\u201d, le decimos al gobierno que no vamos a aflojar ni retroceder\u201d. A su turno, Fabi\u00e1n Felman, apunt\u00f3: \u201cQueremos paritaria para todos los docentes pero tambi\u00e9n para todos los trabajadores\u201d.<br \/>\nAlmir\u00f3n, de Sadop, calent\u00f3 el ambiente cuando dijo que \u201cno solo peleamos por lo que nos pasa a los docentes sino que somos trabajadores que queremos una Patria justa, libre y soberana. Basta de gobiernos autoritarios y neoliberales\u201d.<br \/>\nTodos los dirigentes recordaron los a\u00f1os de la dictadura militar y rindieron homenaje a los maestros y maestras desaparecidas. Cuando habl\u00e9 Carlos Acu\u00f1a, de la CGT o Hugo Yaski, de la CTA, los gritos de \u201cParo nacional\u201d abarcaron a toda la multitud, refiri\u00e9ndose a los titubeos de alguna dirigencia sindical que promete esa medida de fuerza pero no le pone fecha.<\/p>\n<p>Tambi\u00e9n, en reiteradas ocasiones se convoc\u00f3 a acompa\u00f1ar la gran movilizaci\u00f3n que la CGT, la CTEP, las dos CTA y organizaciones sociales realizar\u00e1n el martes, la huelga nacional y mundial de mujeres el miercoles 8 y la gran manifestaci\u00f3n por Memoria, Verdad y Justicia el 24 de marzo.<\/p>\n<p>* Resumen Latinoamericano, FM Riachuelo, Revista Venceremos<\/p>\n<p>&nbsp;<\/p>\n<p>&nbsp;<\/p>\n<p>&nbsp;<\/p>\n","protected":false},"excerpt":{"rendered":"<p>MARZO CALIENTE: 70.000 MIL MAESTRAS Y MAESTROS MARCHARON EXIGIENDO APERTURA DE LA DISCUSI\u00d3N SALARIAL [AGENCIA RESISTIR Y LUCHAR*, 6 marzo 2017].-Hace mucho que no se presenciaba en Buenos Aires una marcha docente de tal envergadura. Alrededor de 70 mil maestros y maestras acompa\u00f1ados de militantes de organizaciones sociales y populares y gremios solidarios. Entre ellos [&hellip;]<\/p>\n","protected":false},"author":4,"featured_media":3892,"comment_status":"open","ping_status":"open","sticky":false,"template":"","format":"standard","meta":{"_monsterinsights_skip_tracking":false,"_monsterinsights_sitenote_active":false,"_monsterinsights_sitenote_note":"","_monsterinsights_sitenote_category":0,"jnews-multi-image_gallery":[],"jnews_single_post":[],"jnews_primary_category":[],"_joinchat":[],"footnotes":""},"categories":[78,76,75],"tags":[],"class_list":["post-3810","post","type-post","status-publish","format-standard","has-post-thumbnail","hentry","category-economia-popular","category-salud-comunitaria","category-trabajo"],"_links":{"self":[{"href":"http:\/\/fmriachuelo.it10.com.ar\/index.php\/wp-json\/wp\/v2\/posts\/3810","targetHints":{"allow":["GET"]}}],"collection":[{"href":"http:\/\/fmriachuelo.it10.com.ar\/index.php\/wp-json\/wp\/v2\/posts"}],"about":[{"href":"http:\/\/fmriachuelo.it10.com.ar\/index.php\/wp-json\/wp\/v2\/types\/post"}],"author":[{"embeddable":true,"href":"http:\/\/fmriachuelo.it10.com.ar\/index.php\/wp-json\/wp\/v2\/users\/4"}],"replies":[{"embeddable":true,"href":"http:\/\/fmriachuelo.it10.com.ar\/index.php\/wp-json\/wp\/v2\/comments?post=3810"}],"version-history":[{"count":0,"href":"http:\/\/fmriachuelo.it10.com.ar\/index.php\/wp-json\/wp\/v2\/posts\/3810\/revisions"}],"wp:featuredmedia":[{"embeddable":true,"href":"http:\/\/fmriachuelo.it10.com.ar\/index.php\/wp-json\/"}],"wp:attachment":[{"href":"http:\/\/fmriachuelo.it10.com.ar\/index.php\/wp-json\/wp\/v2\/media?parent=3810"}],"wp:term":[{"taxonomy":"category","embeddable":true,"href":"http:\/\/fmriachuelo.it10.com.ar\/index.php\/wp-json\/wp\/v2\/categories?post=3810"},{"taxonomy":"post_tag","embeddable":true,"href":"http:\/\/fmriachuelo.it10.com.ar\/index.php\/wp-json\/wp\/v2\/tags?post=3810"}],"curies":[{"name":"wp","href":"https:\/\/api.w.org\/{rel}","templated":true}]}}