{"id":381,"date":"2015-06-09T13:05:00","date_gmt":"2015-06-09T13:05:00","guid":{"rendered":"http:\/\/fmriachuelo.observatorioess.org.ar\/index.php\/2015\/06\/09\/caba-en-la-boca-piden-justicia-por-nehuen\/"},"modified":"2025-04-01T14:53:29","modified_gmt":"2025-04-01T17:53:29","slug":"caba-en-la-boca-piden-justicia-por-nehuen","status":"publish","type":"post","link":"http:\/\/fmriachuelo.it10.com.ar\/index.php\/2015\/06\/09\/caba-en-la-boca-piden-justicia-por-nehuen\/","title":{"rendered":"CABA: EN LA BOCA PIDEN JUSTICIA POR NEHUEN"},"content":{"rendered":"<p><span style=\"color: red;font-family: Verdana, sans-serif;font-size: large\"><strong>\u00a1NI UN PIBE MENOS! <\/strong><\/span><br \/><span style=\"font-family: Verdana, sans-serif;font-size: large\"><strong>La Boca: piden Justicia por joven atropellado por la polic\u00eda metropolitana <\/strong><\/span>&nbsp; <\/p>\n<div style=\"clear: both;text-align: center\"><a href=\"http:\/\/2.bp.blogspot.com\/-kVBFdqAzQOI\/VXbjudU-OmI\/AAAAAAAAEpo\/o6-h7Fnh9sk\/s1600\/NEHUEN.png\" style=\"clear: left;float: left;margin-bottom: 1em;margin-right: 1em\"><img loading=\"lazy\" decoding=\"async\" border=\"0\" height=\"179\" src=\"http:\/\/2.bp.blogspot.com\/-kVBFdqAzQOI\/VXbjudU-OmI\/AAAAAAAAEpo\/o6-h7Fnh9sk\/s320\/NEHUEN.png\" width=\"320\" \/><\/a><\/div>\n<div style=\"text-align: justify\"><span style=\"font-family: Verdana, sans-serif\"><span style=\"font-size: x-small\">[Por Santiago Asorey]<\/span><\/span><span style=\"font-family: Verdana, sans-serif\">Este s\u00e1bado 6 de junio, familiares de Nehuen Rodr\u00edguez (18) se congregaron junto a vecinos y familiares de otras v\u00edctimas de la violencia institucional. Pintaron un mural en la intersecci\u00f3n de las calles California y Vespucio en el barrio de la Boca.<\/span><\/div>\n<div style=\"text-align: justify\"><span style=\"font-family: Verdana, sans-serif\"><\/span>&nbsp;<\/div>\n<div style=\"text-align: justify\"><span style=\"font-family: Verdana, sans-serif\">El 15 de diciembre del 2014, Nehuen Rodr\u00edguez fue atropellado por una camioneta Ford Ranger de la Polic\u00eda Metropolitana en Brandsen y Carrillo. Nehuen hab\u00eda terminado el secundario una semana antes y pensaba estudiar Seguridad e Higiene. Viv\u00eda en la Boca y hab\u00eda jugado al futbol en las inferiores de Hurac\u00e1n. <br \/>Sin embargo, el accionar policial termin\u00f3 con su vida y dej\u00f3 a una familia destrozada. La causa lleva su curso en el Juzgado Criminal de Instrucci\u00f3n N\u00b0 4 de la Ciudad y la Fiscal\u00eda de Instrucci\u00f3n en lo Criminal N\u00b0 23.<\/span><a name='more'><\/a><span style=\"font-family: Verdana, sans-serif\"><br \/>La organizaci\u00f3n social \u201cLa Boca Resiste y Propone\u201d emiti\u00f3 un comunicado denunciando que \u201cel patrullero de la Polic\u00eda Metropolitana ven\u00eda a 100 km\/h y que no tra\u00eda sirenas ni luces\u201d. La querella present\u00f3 testigos que contradijeron la declaraci\u00f3n del acompa\u00f1ante del veh\u00edculo, el subinspector Jos\u00e9 Daniel Barba. El agente habr\u00eda intentando desligar responsabilidades declarando que \u201cten\u00edan las balizas y las sirenas encendidas\u201d. Sin embargo, el \u00fanico testigo presencial desminti\u00f3 haber escuchado sirenas, ni visto balizas.<\/p>\n<p>El m\u00f3vil que atropell\u00f3 a Nehu\u00e9n era manejaba por el oficial Daniel Germ\u00e1n Castagnasso. El oficial se encuentra libre pero fuera de servicio seg\u00fan confirm\u00f3 la polic\u00eda metropolitana al Diario \u201cel Sur Capitalino\u201d.<\/p>\n<p>Roxana Cainzos, la madre de Nehuen, denunci\u00f3 tambi\u00e9n la dificultad para conseguir testimonios que declaren por el miedo de los vecinos a la polic\u00eda Metropolitana. El caso de Nehuen Rodr\u00edguez se suma al asesinato de Bruno German Pappa (26), en septiembre del 2011. Pappa fue asesinado por un agente de la Metropolitana que se encontraba vestido de civil. El joven fue fusilado por el agente Enzo Fabi\u00e1n \u00c1lvarez, cuando estaba en el piso en estado de indefensi\u00f3n. \u00c1lvarez fue condenado a cadena perpetua por \u201chomicidio agravado\u201d en esa misma causa. Su caso fue el primer caso de gatillo f\u00e1cil de la fuerza porte\u00f1a que lleg\u00f3 a un juicio oral y p\u00fablico.<\/p>\n<p>Seg\u00fan un informe realizado por el CELS (Centro de Estudios Legales y Sociales), entre los a\u00f1os 2011 y 2014 se registraron 20 muertes a manos de la Metropolitana. Doce de esos casos fueron a manos de agentes que estaban fuera de servicio en el momento del hecho.<\/span><\/p>\n<div style=\"text-align: justify\"><span style=\"font-family: Verdana\"><\/span>&nbsp;<\/div>\n<div style=\"text-align: justify\"><span style=\"color: blue;font-family: Verdana\">Fuente: Agencia Paco Urondo, Producci\u00f3n Riachuelo<\/span><\/div>\n<div> <\/div>\n<div>  <\/div>\n<\/div>\n","protected":false},"excerpt":{"rendered":"<p>\u00a1NI UN PIBE MENOS! La Boca: piden Justicia por joven atropellado por la polic\u00eda metropolitana &nbsp; [Por Santiago Asorey]Este s\u00e1bado 6 de junio, familiares de Nehuen Rodr\u00edguez (18) se congregaron junto a vecinos y familiares de otras v\u00edctimas de la violencia institucional. Pintaron un mural en la intersecci\u00f3n de las calles California y Vespucio en [&hellip;]<\/p>\n","protected":false},"author":4,"featured_media":0,"comment_status":"open","ping_status":"open","sticky":false,"template":"","format":"standard","meta":{"_monsterinsights_skip_tracking":false,"_monsterinsights_sitenote_active":false,"_monsterinsights_sitenote_note":"","_monsterinsights_sitenote_category":0,"jnews-multi-image_gallery":[],"jnews_single_post":{"format":"standard"},"jnews_primary_category":[],"_joinchat":[],"footnotes":""},"categories":[58],"tags":[81,89],"class_list":["post-381","post","type-post","status-publish","format-standard","hentry","category-noticiariachuelo","tag-aguafuertes-portenas","tag-violencia-institucional"],"_links":{"self":[{"href":"http:\/\/fmriachuelo.it10.com.ar\/index.php\/wp-json\/wp\/v2\/posts\/381","targetHints":{"allow":["GET"]}}],"collection":[{"href":"http:\/\/fmriachuelo.it10.com.ar\/index.php\/wp-json\/wp\/v2\/posts"}],"about":[{"href":"http:\/\/fmriachuelo.it10.com.ar\/index.php\/wp-json\/wp\/v2\/types\/post"}],"author":[{"embeddable":true,"href":"http:\/\/fmriachuelo.it10.com.ar\/index.php\/wp-json\/wp\/v2\/users\/4"}],"replies":[{"embeddable":true,"href":"http:\/\/fmriachuelo.it10.com.ar\/index.php\/wp-json\/wp\/v2\/comments?post=381"}],"version-history":[{"count":1,"href":"http:\/\/fmriachuelo.it10.com.ar\/index.php\/wp-json\/wp\/v2\/posts\/381\/revisions"}],"predecessor-version":[{"id":23527,"href":"http:\/\/fmriachuelo.it10.com.ar\/index.php\/wp-json\/wp\/v2\/posts\/381\/revisions\/23527"}],"wp:attachment":[{"href":"http:\/\/fmriachuelo.it10.com.ar\/index.php\/wp-json\/wp\/v2\/media?parent=381"}],"wp:term":[{"taxonomy":"category","embeddable":true,"href":"http:\/\/fmriachuelo.it10.com.ar\/index.php\/wp-json\/wp\/v2\/categories?post=381"},{"taxonomy":"post_tag","embeddable":true,"href":"http:\/\/fmriachuelo.it10.com.ar\/index.php\/wp-json\/wp\/v2\/tags?post=381"}],"curies":[{"name":"wp","href":"https:\/\/api.w.org\/{rel}","templated":true}]}}