{"id":3799,"date":"2017-03-06T02:52:16","date_gmt":"2017-03-06T02:52:16","guid":{"rendered":"http:\/\/fmriachuelo.com.ar\/ljkjklj\/?p=3799"},"modified":"2017-03-06T02:52:16","modified_gmt":"2017-03-06T02:52:16","slug":"21m-convocatoria-a-jornada-nacional-de-lucha-contra-la-criminalizacion-de-la-protesta","status":"publish","type":"post","link":"http:\/\/fmriachuelo.it10.com.ar\/index.php\/2017\/03\/06\/21m-convocatoria-a-jornada-nacional-de-lucha-contra-la-criminalizacion-de-la-protesta\/","title":{"rendered":"#MARZOARDE #21M CONVOCATORIA A JORNADA NACIONAL DE LUCHA CONTRA LA CRIMINALIZACI\u00d3N DE LA PROTESTA"},"content":{"rendered":"<p>[FM Riachuelo 05\/03\/2017] La Organizaci\u00f3n Social y Pol\u00edtica Los Pibes emiti\u00f3 un comunicado en donde se se\u00f1ala su posicionamiento en relaci\u00f3n al juicio que afrontara su referente nacional Lito Borello. Por ello se convoca a una JORNADA NACIONAL DE LUCHA CONTRA LA CRIMINALIZACI\u00d3N DE LA PROTESTA el pr\u00f3ximo 21 de marzo en los Tribunales Federales de Comodoro Py, donde se llevar\u00e1 adelante el juicio por la toma de la Comisaria 24 de la Boca. Desde <span style=\"color: #ff0000\"><strong>FM Riachuelo<\/strong><span style=\"color: #000000\">, como parte de la O.S.y P. Los Pibes,\u00a0<\/span><\/span>\u00a0afirmamos que <strong>el centro del debate no es la toma de la comisaria si no el asesinato de nuestro compa\u00f1ero Mart\u00edn Oso Cisneros.<\/strong><\/p>\n<p><strong>COMUNICADO: LOS QUE MATARON AL OSO, AHORA NOS ENJUICIAN<\/strong><\/p>\n<p><img loading=\"lazy\" decoding=\"async\" class=\"alignnone wp-image-3806 size-full\" src=\"http:\/\/fmriachuelo.com.ar\/ljkjklj\/wp-content\/uploads\/2017\/03\/WhatsApp-Image-2017-03-06-at-00.03.41.jpeg\" width=\"850\" height=\"151\" \/><\/p>\n<p>En repudio al juicio oral contra Lito Borello, Coordinador Nacional de nuestra organizaci\u00f3n.<\/p>\n<p><strong>#BastaDePerseguirALasOrganizaciones\u00a0<\/strong><strong>#ElOsoViveLaLuchaSigue<\/strong><\/p>\n<p><span style=\"font-size: large\">Este 21 de Marzo, en un mes hist\u00f3rico de lucha y resistencia de lxs docentes, de las mujeres y de todxs lxs trabajadores en unidad, queremos convocar a todas las organizaciones comprometidas con las luchas de nuestro Pueblo a\u00a0<span lang=\"ES-AR\">\u00a0movilizarse a los Tribunales Federales de\u00a0<\/span><\/span><span style=\"font-size: large\">Comodoro Py para repudiar y rechazar un nuevo ataque a la organizaci\u00f3n popular mediante la judicializaci\u00f3n de los que luchan.<\/span><\/p>\n<p><span style=\"color: #0000ff\"><strong><span lang=\"ES-AR\">LOS QUE MATARON AL OSO, AHORA NOS ENJUICIAN<\/span><\/strong><\/span><\/p>\n<p><span lang=\"ES-AR\">El d\u00eda 21 de marzo comenzar\u00e1 el juicio oral por <strong>\u00abLA TOMA DE LA COMISAR\u00cdA 24\u00bb<\/strong> fijado por el Tribunal Oral Federal N\u00b06. La audienciaestar\u00e1 a cargo de la jueza Mar\u00eda del Carmen Roqueta y los jueces Jos\u00e9 Mart\u00ednez Sobrino y Julio Panelo, y en representaci\u00f3n del Ministerio P\u00fablico intervendr\u00e1 la fiscal general Gabriela Baig\u00fan.<\/span><\/p>\n<p><strong><span lang=\"ES-AR\" style=\"color: #000000\">Pero este juicio no es a nuestro referente nacional Lito Borello<\/span><\/strong><span lang=\"ES-AR\">, que junto a Luis Bord\u00f3n y\u00a0<\/span><span lang=\"ES-AR\">Luis \u00a0<\/span><span lang=\"ES-AR\">D\u00b4El\u00eda se deber\u00e1n sentar en el banquillo. Se los acusa de<\/span><span lang=\"ES-AR\"> ponerse al frente y acompa\u00f1ar una pueblada que indignada reclamaba la detenci\u00f3n del asesino del reconocido militante, nuestro compa\u00f1ero, Mart\u00edn Oso Cisneros en el barrio de La Boca en el a\u00f1o 2004<\/span><span lang=\"ES-AR\">. <\/span><span lang=\"ES-AR\">Al igual que aquel asesinato por encargo, este<\/span><span lang=\"ES-AR\"> juicio es contra los pueblos que deciden organizarse para construir una sociedad justa y solidaria. <strong>Este juicio es contra organizaciones<\/strong> que, como Los Pibes, nacieron hace m\u00e1s de 20 a\u00f1os con un humilde merendero en el medio de la fr\u00eda noche neoliberal de los 90, y hoy siguen de pie luchando, desde las conquistas alcanzadas en las peleas por vivienda digna, trabajo, comunicaci\u00f3n y econom\u00eda popular. Para as\u00ed decirles a los enemigos del Pueblo que es posible construir el mundo que so\u00f1amos. Y que, como dec\u00eda el Che, <strong>seguiremos siendo la pesadilla de los que quieren arrebatarnos los sue\u00f1os.<\/strong><\/span><\/p>\n<p><span style=\"color: #0000ff\"><strong><span lang=\"ES-AR\">NO ES LA TOMA, FUE EL ASESINATO DE UN COMPA\u00d1ERO<\/span><\/strong><\/span><\/p>\n<p><span lang=\"ES-AR\"><strong>Con la complicidad del poder medi\u00e1tico, el juicio por \u00abla toma de la Comisar\u00eda 24\u00bb intenta ocultar, una vez m\u00e1s, el asesinato de Mart\u00edn Oso Cisneros y su car\u00e1cter pol\u00edtico. Pretenden matarlo nuevamente.<\/strong> Con la intenci\u00f3n de desaparecer sus sue\u00f1os. <\/span><span lang=\"ES-AR\">El Oso, al igual que todos los militantes, so\u00f1aba con una sociedad m\u00e1s justa. Y trabajaba y luchaba para ello. Todos los d\u00edas pateaba el barrio sacando a los pibes de la droga. Organizaba proyectos para que lxs vecinxs pudieran acceder a las viviendas por autogesti\u00f3n. Inventaba y sosten\u00eda emprendimientos para que lxs compa\u00f1erxs recuperaran el laburo y la cultura de trabajo que les fuera arrebatada, dando una mano en lo que se pudiera, incansablemente, para hacer un barrio m\u00e1s solidario y digno para sus familias y sus pibes.<\/span><\/p>\n<p><span lang=\"ES-AR\">Recordemos que <strong>la comisar\u00eda 24<\/strong>, <\/span><span lang=\"ES-AR\">a cargo entonces del comisario Cayetano Greco,<\/span><span lang=\"ES-AR\"><strong> fue la que liber\u00f3 la zona para que Juan Carlos Duarte<\/strong>,<\/span><span lang=\"ES-AR\"> sicario a la orden de esa misma comisar\u00eda, <strong>le disparara a Mart\u00edn en la noche del 25 de junio de 2004<\/strong>, a pocas horas de iniciarse la vigilia por los dos a\u00f1os de <strong>los asesinatos de Maxi y Dar\u00edo<\/strong>. Y fue la misma comisar\u00eda que desoy\u00f3 el reclamo de los vecinos y testigos que ya se\u00f1alaban claramente a Duarte, \u00abel gordo colchones\u00bb, como autor material del asesinato<\/span><span lang=\"ES-AR\"> e indicaban donde se encontraba escondido<\/span><span lang=\"ES-AR\">. <strong>La indignaci\u00f3n y el dolor ante la c\u00f3mplice inacci\u00f3n policial y la repetida ausencia de justicia para los sectores populares fue la que empuj\u00f3 a todo un barrio adentro de esa comisar\u00eda aquella noche.<\/strong><\/span><\/p>\n<p><span style=\"color: #0000ff\"><strong><span lang=\"ES-AR\">EL CONTEXTO<\/span><\/strong><\/span><\/p>\n<p><span lang=\"ES-AR\">No podemos ignorar el <strong><span style=\"color: #000000\">momento hist\u00f3rico<\/span><\/strong> en el que se desarrollar\u00e1 <strong>el juicio del 21 de marzo<\/strong>. Por eso es urgente plantarnos con unidad, organizaci\u00f3n y lucha en la calle. El capitalismo sufre una crisis planetaria y civilizatoria: necesita sostener los excesivos niveles de consumo surgidos de los privilegios de las clases dominantes. Para ello utilizan cada vez m\u00e1s recursos naturales. Y con el desarrollo de la tecnolog\u00eda precisan cada vez menos trabajadores. <strong>No nos precisan ni para trabajar ni para consumir. Necesitan despoblar el mundo, a pura represi\u00f3n y exterminio de los pueblos, especialmente a los que se rebelan.<\/strong><\/span><\/p>\n<p><span lang=\"ES-AR\">Por esto mismo el Papa Francisco denuncia el \u201csistema de descarte\u201d y describe este nuevo modelo de dominaci\u00f3n como \u201cuna tercera guerra mundial en cuotas\u201d. Porque son nuevas y sofisticadas formas de una represi\u00f3n furiosa que se profundiza y reinventa cada d\u00eda para que un sistema cada vez m\u00e1s desigual pueda sostenerse.<\/span><\/p>\n<p><span lang=\"ES-AR\">La judicializaci\u00f3n y criminalizaci\u00f3n de la protesta y la organizaci\u00f3n popular es s\u00f3lo un elemento m\u00e1s de este nuevo modelo de dominaci\u00f3n. Tambi\u00e9n se suma la represi\u00f3n en los territorios con los narcos, las mafias policiales y las patotas de la politiquer\u00eda; y la guerra psicol\u00f3gica y cultural que se desarrolla desde los monopolios medi\u00e1ticos.<\/span><\/p>\n<p><span lang=\"ES-AR\">En este grave contexto, con la injusticia y la desigualdad como sistema no hay democracia posible. Macri, empleado de los poderes f\u00e1cticos globales vino a instalar con su pr\u00e1ctica una tiran\u00eda institucional que se demuestra d\u00eda a d\u00eda desde su asunci\u00f3n. Por eso el macrismo inaugur\u00f3 su gesti\u00f3n con la c\u00e1rcel a Milagro Sala, que rompe con cualquier tradici\u00f3n jur\u00eddica de la democracia.<\/span><\/p>\n<p><span lang=\"ES-AR\">Pero tambi\u00e9n fue sumando todo tipo de hechos que dan cuenta de la represi\u00f3n a los pueblos que se organizan y luchan: <strong>los asesinatos de Iki y Cesar Mendez, compa\u00f1eros del Movimiento Popular La Dignidad<\/strong>, o los casos de <strong>hostigamiento y gatillo f\u00e1cil hacia los j\u00f3venes de las villas<\/strong> que vienen denunciando desde <strong>la Garganta Poderosa<\/strong>. O en el barrio de La Boca que es un emblema de la resistencia popular, donde asesinaron al Oso, y donde se ocup\u00f3 la comisar\u00eda exigiendo la detenci\u00f3n de su asesino, tambi\u00e9n se reproducen las nuevas l\u00f3gicas represivas: <strong>Rodolfo Corzo (hijo), mercenario de la politiquer\u00eda barrial, salt\u00f3 a la fama fotogr\u00e1fica en mayo del a\u00f1o pasado por acuchillar a un militante de la agrupaci\u00f3n Boca Es Pueblo que se opon\u00eda a los negociados inmobiliarios de Casa Amarilla y golpear salvajemente a otro compa\u00f1ero de la agrupaci\u00f3n Descamisados<\/strong>; con prisi\u00f3n preventiva desde septiembre (luego de ingeni\u00e1rselas durante meses para estar pr\u00f3fugo y firmar la asistencia en su trabajo en el GCBA), fue liberado recientemente. Un caso similar es el de\u00a0<strong>Ricardo Ayala de la polic\u00eda metropolitana, que en noviembre de 2015 intent\u00f3 fusilar al joven Lucas Cabello<\/strong>: fue liberado a principios de noviembre de 2016 hasta que, \u00a0sobre el final del a\u00f1o, \u00a0la C\u00e1mara de Apelaciones orden\u00f3 nuevamente su detenci\u00f3n. <strong>Y Nehu\u00e9n y Diego Nu\u00f1ez y Pitu y Pola y tantos m\u00e1s pibes y pibas del barrio que se llev\u00f3 esta pol\u00edtica asesina<\/strong>.\u00a0<\/span><\/p>\n<p><span lang=\"ES-AR\">Los casos se repiten en toda la geograf\u00eda Argentina y Latinoamericana, adoptando distintas formas, pero una matriz com\u00fan: complicidad policial, narco, de la clase pol\u00edtica, del poder judicial y del poder medi\u00e1tico contra los Pueblos.<\/span><\/p>\n<p><span lang=\"ES-AR\">Es tan claro ahora como entonces: l<strong>os disparos contra el Oso fueron contra un pueblo que se organizaba para conquistar una vida m\u00e1s digna; el juicio contra Lito Borello es contra la organizaci\u00f3n popular.<\/strong><\/span><\/p>\n<p><span lang=\"ES-AR\">Es un juicio para demonizarnos, para prohibir que nos organicemos, para evitar que sigamos construyendo viviendas, que sigamos conquistando derechos como trabajadores de la econom\u00eda popular, que sigamos inventando medios y formas de comunicar y de dar la batalla cultural.<\/span><\/p>\n<p><strong><span lang=\"ES-AR\">Por todo esto apelamos a la solidaridad, <\/span><span lang=\"ES-AR\">a la movilizaci\u00f3n y a la defensa <\/span><span lang=\"ES-AR\">de todo el campo popular<\/span><span lang=\"ES-AR\">, como ocurri\u00f3 aquel fr\u00edo julio de 2004 a la semana del asesinato del Oso. <\/span><span lang=\"ES-AR\">Porque queremos ser coherentes con su vida y su lucha<\/span><span lang=\"ES-AR\">. Porque resistiremos a este nuevo ataque <\/span><span lang=\"ES-AR\">de la mejor manera que los pueblos pueden defenderse<\/span><span lang=\"ES-AR\">: con m\u00e1s unidad, con m\u00e1s organizaci\u00f3n y con m\u00e1s lucha.<\/span><\/strong><\/p>\n<p><img loading=\"lazy\" decoding=\"async\" class=\"alignnone wp-image-3802 size-large\" src=\"http:\/\/fmriachuelo.com.ar\/ljkjklj\/wp-content\/uploads\/2017\/03\/multitud-oso-1024x700.jpg\" width=\"640\" height=\"438\" \/><\/p>\n<p class=\"x_MsoNormal\">\n","protected":false},"excerpt":{"rendered":"<p>[FM Riachuelo 05\/03\/2017] La Organizaci\u00f3n Social y Pol\u00edtica Los Pibes emiti\u00f3 un comunicado en donde se se\u00f1ala su posicionamiento en relaci\u00f3n al juicio que afrontara su referente nacional Lito Borello. Por ello se convoca a una JORNADA NACIONAL DE LUCHA CONTRA LA CRIMINALIZACI\u00d3N DE LA PROTESTA el pr\u00f3ximo 21 de marzo en los Tribunales Federales [&hellip;]<\/p>\n","protected":false},"author":4,"featured_media":3801,"comment_status":"open","ping_status":"open","sticky":false,"template":"","format":"standard","meta":{"_monsterinsights_skip_tracking":false,"_monsterinsights_sitenote_active":false,"_monsterinsights_sitenote_note":"","_monsterinsights_sitenote_category":0,"jnews-multi-image_gallery":[],"jnews_single_post":[],"jnews_primary_category":[],"_joinchat":[],"footnotes":""},"categories":[78,76],"tags":[],"class_list":["post-3799","post","type-post","status-publish","format-standard","has-post-thumbnail","hentry","category-economia-popular","category-salud-comunitaria"],"_links":{"self":[{"href":"http:\/\/fmriachuelo.it10.com.ar\/index.php\/wp-json\/wp\/v2\/posts\/3799","targetHints":{"allow":["GET"]}}],"collection":[{"href":"http:\/\/fmriachuelo.it10.com.ar\/index.php\/wp-json\/wp\/v2\/posts"}],"about":[{"href":"http:\/\/fmriachuelo.it10.com.ar\/index.php\/wp-json\/wp\/v2\/types\/post"}],"author":[{"embeddable":true,"href":"http:\/\/fmriachuelo.it10.com.ar\/index.php\/wp-json\/wp\/v2\/users\/4"}],"replies":[{"embeddable":true,"href":"http:\/\/fmriachuelo.it10.com.ar\/index.php\/wp-json\/wp\/v2\/comments?post=3799"}],"version-history":[{"count":0,"href":"http:\/\/fmriachuelo.it10.com.ar\/index.php\/wp-json\/wp\/v2\/posts\/3799\/revisions"}],"wp:featuredmedia":[{"embeddable":true,"href":"http:\/\/fmriachuelo.it10.com.ar\/index.php\/wp-json\/"}],"wp:attachment":[{"href":"http:\/\/fmriachuelo.it10.com.ar\/index.php\/wp-json\/wp\/v2\/media?parent=3799"}],"wp:term":[{"taxonomy":"category","embeddable":true,"href":"http:\/\/fmriachuelo.it10.com.ar\/index.php\/wp-json\/wp\/v2\/categories?post=3799"},{"taxonomy":"post_tag","embeddable":true,"href":"http:\/\/fmriachuelo.it10.com.ar\/index.php\/wp-json\/wp\/v2\/tags?post=3799"}],"curies":[{"name":"wp","href":"https:\/\/api.w.org\/{rel}","templated":true}]}}