{"id":3790,"date":"2017-03-05T18:52:21","date_gmt":"2017-03-05T18:52:21","guid":{"rendered":"http:\/\/fmriachuelo.com.ar\/ljkjklj\/?p=3790"},"modified":"2017-03-05T18:52:21","modified_gmt":"2017-03-05T18:52:21","slug":"unidaddelostrabajadores-reunion-en-la-cgt-con-referentes-de-ctep-y-movimientos-sociales","status":"publish","type":"post","link":"http:\/\/fmriachuelo.it10.com.ar\/index.php\/2017\/03\/05\/unidaddelostrabajadores-reunion-en-la-cgt-con-referentes-de-ctep-y-movimientos-sociales\/","title":{"rendered":"#UNIDADDELOSTRABAJADORES REUNI\u00d3N EN LA CGT CON REFERENTES DE CTEP Y MOVIMIENTOS SOCIALES"},"content":{"rendered":"<p>[FM Riachuelo 05\/03\/2017] El proximo 7 de marzo el conjunto de los trabajadores marchar\u00e1 en unidad al Ministerio de Producci\u00f3n bajo la consigna: <strong>\u00abEn defensa del trabajo y la Industria Nacional\u00bb<\/strong>. Una movilizaci\u00f3n de los trabajadores en su conjunto que se agremian en las centrales: CGT, CTA, CTEP junto a los movimientos populares Barrios de Pie y Corriente Clasista y Combativa. Se espera una importante participaci\u00f3n y constituye una clara\u00a0expresi\u00f3n en unidad del conjunto de los trabajadores, donde participa la Confederaci\u00f3n General del Trabajo (CGT).\u00a0El pasado jueves 2 de marzo, se reunieron los representantes de los trabajadores de la econom\u00eda popular con la conducci\u00f3n de la CGT, \u00a0en la sede Azopardo de la Confederaci\u00f3n General del Trabajo, \u00a0para dialogar y acordar el plan de lucha del conjunto y en unidad.<\/p>\n<p>Entrevistamos a Lito Borello, Secretario de Derechos Humanos de la CTEP y referente de la corriente gremial \u00a0Mesa 19 y 20,\u00a0que habl\u00f3 sobre la movilizaci\u00f3n que se hizo pocas horas antes en Av. de Mayo, por la Emergencia Social y luego se refirio a la reuni\u00f3n en la sede de la CGT\u00a0de los referentes de los trabajadores.\u00a0Escuchalo a continuaci\u00f3n:<\/p>\n<p>La reuni\u00f3n se produjo en v\u00edsperas de la importante movilizaci\u00f3n del proximo 7 de marzo \u00abEn defensa del Trabajo y la Industria Nacional\u00bb que se har\u00e1 hasta el Ministerio de la Producci\u00f3n y que tendr\u00e1 como protagonistas al conjunto de los trabajadores nucleados en las centrales sindicales: CGT, CTA, CTEP y los movimientos populares: \u00a0Barrios de Pie y Corriente Clasista y Combativa.<\/p>\n<p>La conducci\u00f3n de la CGT \u00a0recibi\u00f3 a los referentes de la CTEP y los movimientos populares. Pocas horas antes\u00a0se realizar\u00f3 una importante movilizaci\u00f3n en Av. de Mayo, del conjunto de los trabajadores de la econom\u00eda popular: CTEP junto a organizaciones sindicales para exigir la inmediata reglamentaci\u00f3n\u00a0de la ley de Emergencia Social. Recordamos que la ley \u00a0que fuera aprobada en el Congreso Nacional, \u00a0antes de finalizar el a\u00f1o, \u00a0 a\u00fan no se ha reglamentado lo que ha paralizado su urgente necesidad de implementaci\u00f3n, que fue lo que motivara\u00a0su aprobaci\u00f3n.<\/p>\n","protected":false},"excerpt":{"rendered":"<p>[FM Riachuelo 05\/03\/2017] El proximo 7 de marzo el conjunto de los trabajadores marchar\u00e1 en unidad al Ministerio de Producci\u00f3n bajo la consigna: \u00abEn defensa del trabajo y la Industria Nacional\u00bb. Una movilizaci\u00f3n de los trabajadores en su conjunto que se agremian en las centrales: CGT, CTA, CTEP junto a los movimientos populares Barrios de [&hellip;]<\/p>\n","protected":false},"author":4,"featured_media":3791,"comment_status":"open","ping_status":"open","sticky":false,"template":"","format":"standard","meta":{"_monsterinsights_skip_tracking":false,"_monsterinsights_sitenote_active":false,"_monsterinsights_sitenote_note":"","_monsterinsights_sitenote_category":0,"jnews-multi-image_gallery":[],"jnews_single_post":[],"jnews_primary_category":[],"_joinchat":[],"footnotes":""},"categories":[76,75],"tags":[],"class_list":["post-3790","post","type-post","status-publish","format-standard","has-post-thumbnail","hentry","category-salud-comunitaria","category-trabajo"],"_links":{"self":[{"href":"http:\/\/fmriachuelo.it10.com.ar\/index.php\/wp-json\/wp\/v2\/posts\/3790","targetHints":{"allow":["GET"]}}],"collection":[{"href":"http:\/\/fmriachuelo.it10.com.ar\/index.php\/wp-json\/wp\/v2\/posts"}],"about":[{"href":"http:\/\/fmriachuelo.it10.com.ar\/index.php\/wp-json\/wp\/v2\/types\/post"}],"author":[{"embeddable":true,"href":"http:\/\/fmriachuelo.it10.com.ar\/index.php\/wp-json\/wp\/v2\/users\/4"}],"replies":[{"embeddable":true,"href":"http:\/\/fmriachuelo.it10.com.ar\/index.php\/wp-json\/wp\/v2\/comments?post=3790"}],"version-history":[{"count":0,"href":"http:\/\/fmriachuelo.it10.com.ar\/index.php\/wp-json\/wp\/v2\/posts\/3790\/revisions"}],"wp:featuredmedia":[{"embeddable":true,"href":"http:\/\/fmriachuelo.it10.com.ar\/index.php\/wp-json\/"}],"wp:attachment":[{"href":"http:\/\/fmriachuelo.it10.com.ar\/index.php\/wp-json\/wp\/v2\/media?parent=3790"}],"wp:term":[{"taxonomy":"category","embeddable":true,"href":"http:\/\/fmriachuelo.it10.com.ar\/index.php\/wp-json\/wp\/v2\/categories?post=3790"},{"taxonomy":"post_tag","embeddable":true,"href":"http:\/\/fmriachuelo.it10.com.ar\/index.php\/wp-json\/wp\/v2\/tags?post=3790"}],"curies":[{"name":"wp","href":"https:\/\/api.w.org\/{rel}","templated":true}]}}