{"id":379,"date":"2015-06-09T17:15:00","date_gmt":"2015-06-09T17:15:00","guid":{"rendered":"http:\/\/fmriachuelo.observatorioess.org.ar\/index.php\/2015\/06\/09\/el-pais-a-59-anos-de-los-fusilamientos-de-jose-leon-suarez\/"},"modified":"2025-04-01T14:55:30","modified_gmt":"2025-04-01T17:55:30","slug":"el-pais-a-59-anos-de-los-fusilamientos-de-jose-leon-suarez","status":"publish","type":"post","link":"http:\/\/fmriachuelo.it10.com.ar\/index.php\/2015\/06\/09\/el-pais-a-59-anos-de-los-fusilamientos-de-jose-leon-suarez\/","title":{"rendered":"EL PAIS: A 59 A\u00d1OS DE LOS FUSILAMIENTOS DE JOS\u00c9 LEON SUAREZ"},"content":{"rendered":"<p><span style=\"color: red;font-family: Verdana, sans-serif;font-size: large\"><strong>OPERACI\u00d3N MASACRE<\/strong><\/span><br \/><strong><span style=\"color: red;font-family: Verdana;font-size: large\"><\/span><\/strong><\/p>\n<div style=\"clear: both;text-align: center\"><a href=\"http:\/\/2.bp.blogspot.com\/-sDUhwJYN-h8\/VXbq_AxMvgI\/AAAAAAAAEqA\/fhtoQhZiorA\/s1600\/suarez.jpg\" style=\"clear: left;float: left;margin-bottom: 1em;margin-right: 1em\"><img decoding=\"async\" border=\"0\" src=\"http:\/\/2.bp.blogspot.com\/-sDUhwJYN-h8\/VXbq_AxMvgI\/AAAAAAAAEqA\/fhtoQhZiorA\/s1600\/suarez.jpg\" \/><\/a><\/div>\n<div style=\"text-align: justify\"><span style=\"font-family: Verdana, sans-serif\">En septiembre de 1955, despu\u00e9s de varios intentos frustrados, la derecha, olig\u00e1rquica y avasallante, con la fuerza del Ej\u00e9rctito Argentino, se apoder\u00f3 del gobierno de nuestro Pa\u00eds. El General Per\u00f3n fue derrocado y debi\u00f3 emprender un largo exilio. El General Lonardi asume bajo la consigna atemperante:\u00bbni vencedores ni vencidos\u00bb, pero nunca sabremos si cumplir\u00eda o no, porque una enfermedad incurable terminar\u00eda con su vida antes de cumplir tres meses de mandato. A continuaci\u00f3n asumi\u00f3 Pedro Eugenio Aramburu, General que era buen representante de los intereses econ\u00f3micos de la burgues\u00eda y de cierto sector de la Iglesia. Adem\u00e1s destac\u00f3 por la persecuci\u00f3n asidua al peronismo como fuerza pol\u00edtica mayoritaria, representante leg\u00edtima de los trabajadores.<\/p>\n<p>Un grupo de militares y civiles se propuso por entonces realizar un alzamiento con el prop\u00f3sito de restituir la democracia. Se organizaron bajo el nombre de \u00abMovimiento de Recuperaci\u00f3n Nacional 9 de junio\u00bb porque ese d\u00eda era el elegido para dar el contra-golpe. Las intenciones de los propulsores fueron descubiertas por el Gobierno Nacional y los dejaron proceder como si desconocieran su accionar. Se hace evidente que buscaban darles un castigo ejemplarizante.<\/p>\n<p>En la madrugada del 9 de junio del \u00b456 en los basurales de Jos\u00e9 Le\u00f3n Su\u00e1rez, localidad cercana a la Capital Federal fueron acrillados a balazos un grupo de civiles de los cuales mueren seis y logran sobrevivir, entre otros, Julio Troxler y Carlos Livraga. <\/span><\/div>\n<div style=\"text-align: justify\">&nbsp;<\/div>\n<p><span style=\"font-family: Verdana, sans-serif\"><\/span><a name='more'><\/a><br \/><span style=\"font-family: Verdana, sans-serif\"><br \/>El General Juan Jos\u00e9 Valle se entrega dos d\u00edas despu\u00e9s para evitar que contin\u00fae la masacre y persecuci\u00f3n tanto a civiles como a militares implicados. Le prometen el respeto de su vida pero no cumplen. Por el contrario, sin que medie juicio alguno y aplic\u00e1ndole la Ley Marcial (decretada a posteriori de los sucesos) lo fusilan sin miramientos el 12 de junio.<\/p>\n<p>Julio Troxler dar\u00eda testimonio de los fusilamientos a trav\u00e9s de pel\u00edculas y cortos cinematogr\u00e1ficos, antes de morir a manos de la Triple A.&nbsp;&nbsp;&nbsp;&nbsp; <\/span><\/p>\n<div style=\"text-align: justify\"><span style=\"font-family: Verdana, sans-serif\">Estos fusilamientos salieron del silencio a trav\u00e9s de la minuciosa investigaci\u00f3n de Rodolfo Walsh en \u00abOperaci\u00f3n Masacre\u00bb. Carlos Livraga, \u00abel fusilado que vive\u00bb, ser\u00eda quien brinda las primeras manifestaciones de su tr\u00e1gico paso por el basural a Rodolfo Walsh. El relato de los sucedido con las precisas palabras de Walsh dieron la dimensi\u00f3n de lo que se dio en llamar uno de los m\u00e1s importantes antecedentes de los cr\u00edmenes pol\u00edticos en Argentina&nbsp;a manos de los militares. <\/p>\n<p>Gral. Roca \u2013 Fiske Menuco, 9 de junio de 2014<\/p>\n<p> Luis Genga, Secretario de Derechos Humanos, G\u00e9nero e Igualdad de Oportunidades<br \/><span style=\"color: blue\">Fuente: Uni\u00f3n de Trabajadores de la Educaci\u00f3n de Rio Negro, Producci\u00f3n Riachuelo<\/span>&nbsp;<\/span><\/div>\n","protected":false},"excerpt":{"rendered":"<p>OPERACI\u00d3N MASACRE En septiembre de 1955, despu\u00e9s de varios intentos frustrados, la derecha, olig\u00e1rquica y avasallante, con la fuerza del Ej\u00e9rctito Argentino, se apoder\u00f3 del gobierno de nuestro Pa\u00eds. El General Per\u00f3n fue derrocado y debi\u00f3 emprender un largo exilio. El General Lonardi asume bajo la consigna atemperante:\u00bbni vencedores ni vencidos\u00bb, pero nunca sabremos si [&hellip;]<\/p>\n","protected":false},"author":4,"featured_media":0,"comment_status":"open","ping_status":"open","sticky":false,"template":"","format":"standard","meta":{"_monsterinsights_skip_tracking":false,"_monsterinsights_sitenote_active":false,"_monsterinsights_sitenote_note":"","_monsterinsights_sitenote_category":0,"jnews-multi-image_gallery":[],"jnews_single_post":{"format":"standard"},"jnews_primary_category":[],"_joinchat":[],"footnotes":""},"categories":[58],"tags":[122,72,89],"class_list":["post-379","post","type-post","status-publish","format-standard","hentry","category-noticiariachuelo","tag-derecho-a-la-protesta-social","tag-historia-de-la-lucha-de-los-pueblos","tag-violencia-institucional"],"_links":{"self":[{"href":"http:\/\/fmriachuelo.it10.com.ar\/index.php\/wp-json\/wp\/v2\/posts\/379","targetHints":{"allow":["GET"]}}],"collection":[{"href":"http:\/\/fmriachuelo.it10.com.ar\/index.php\/wp-json\/wp\/v2\/posts"}],"about":[{"href":"http:\/\/fmriachuelo.it10.com.ar\/index.php\/wp-json\/wp\/v2\/types\/post"}],"author":[{"embeddable":true,"href":"http:\/\/fmriachuelo.it10.com.ar\/index.php\/wp-json\/wp\/v2\/users\/4"}],"replies":[{"embeddable":true,"href":"http:\/\/fmriachuelo.it10.com.ar\/index.php\/wp-json\/wp\/v2\/comments?post=379"}],"version-history":[{"count":1,"href":"http:\/\/fmriachuelo.it10.com.ar\/index.php\/wp-json\/wp\/v2\/posts\/379\/revisions"}],"predecessor-version":[{"id":23531,"href":"http:\/\/fmriachuelo.it10.com.ar\/index.php\/wp-json\/wp\/v2\/posts\/379\/revisions\/23531"}],"wp:attachment":[{"href":"http:\/\/fmriachuelo.it10.com.ar\/index.php\/wp-json\/wp\/v2\/media?parent=379"}],"wp:term":[{"taxonomy":"category","embeddable":true,"href":"http:\/\/fmriachuelo.it10.com.ar\/index.php\/wp-json\/wp\/v2\/categories?post=379"},{"taxonomy":"post_tag","embeddable":true,"href":"http:\/\/fmriachuelo.it10.com.ar\/index.php\/wp-json\/wp\/v2\/tags?post=379"}],"curies":[{"name":"wp","href":"https:\/\/api.w.org\/{rel}","templated":true}]}}