{"id":377,"date":"2015-06-11T11:52:00","date_gmt":"2015-06-11T11:52:00","guid":{"rendered":"http:\/\/fmriachuelo.observatorioess.org.ar\/index.php\/2015\/06\/11\/bar-la-robla-repudio-por-desalojo\/"},"modified":"2025-04-01T15:00:42","modified_gmt":"2025-04-01T18:00:42","slug":"bar-la-robla-repudio-por-desalojo","status":"publish","type":"post","link":"http:\/\/fmriachuelo.it10.com.ar\/index.php\/2015\/06\/11\/bar-la-robla-repudio-por-desalojo\/","title":{"rendered":"BAR LA ROBLA: REPUDIO POR DESALOJO"},"content":{"rendered":"<p><span style=\"color: red;font-family: Verdana, sans-serif;font-size: large\"><strong>EN DEFENSA DE LOS DERECHOS DE LA PATRONAL<\/strong><\/span><br \/><span style=\"color: black;font-family: Verdana\"><strong>SIN PODER POPULAR, NO HAY JUSTICIA SOCIAL<\/strong><\/span><\/p>\n<div style=\"clear: both;text-align: center\"><a href=\"http:\/\/1.bp.blogspot.com\/-XZjMdBHf1N8\/VXpBFO9f3CI\/AAAAAAAAErA\/Ej4HPGE02bc\/s1600\/la%2Brobla1.jpg\" style=\"clear: left;float: left;margin-bottom: 1em;margin-right: 1em\"><img loading=\"lazy\" decoding=\"async\" border=\"0\" height=\"192\" src=\"http:\/\/1.bp.blogspot.com\/-XZjMdBHf1N8\/VXpBFO9f3CI\/AAAAAAAAErA\/Ej4HPGE02bc\/s320\/la%2Brobla1.jpg\" width=\"320\" \/><\/a><\/div>\n<p><span style=\"font-family: Verdana, sans-serif;text-align: justify\">Desde las 5:15 de la ma\u00f1ana (de ayer) efectivos de la Polic\u00eda Federal Argentina se encuentran desalojando el hist\u00f3rico bar ubicado en la esquina de Viamonte y Pasaje del Carmen. Con esta medida, adoptada por el juez Miguel Javier Gustavo Costa del Juzgado Nacional en lo Civil 93, se deja en la calle a 21 trabajadores y sus familias que no pueden continuar con su fuente leg\u00edtima de trabajo.<\/span><\/p>\n<div style=\"text-align: justify\"><span style=\"font-family: Verdana, sans-serif\">El operativo se realiza sin cumplir el protocolo de desalojo que establece la instalaci\u00f3n de vallado y la presencia del SAME y de zoonosis.<\/span><\/div>\n<p><a name='more'><\/a><span style=\"font-family: Verdana, sans-serif\">Fundada en 1985, La Robla fue adquirida por el empresario Alex Gordon en el 2010, y desde ese entonces comenz\u00f3 una numerosa serie de maniobras fraudulentas. Los trabajadores, ante la quiebra de la empresa, han decidido continuar con su trabajo y comenzar a autogestionarse a partir de agosto del 2014.<br \/>El 14 de mayo \u00faltimo, numerosos legisladores porte\u00f1os de varias fuerzas pol\u00edticas presentaron un proyecto de ley para declarar al bar La Robla como sitio hist\u00f3rico del patrimonio de la Ciudad. Tambi\u00e9n propusieron otro proyecto que declara de utilidad p\u00fablica y sujeto a expropiaci\u00f3n el inmueble donde actualmente se encuentra la cooperativa.<br \/>Instamos la intervenci\u00f3n de los organismos del estado a garantizar y sostener  la fuente de trabajo, facilitando una nueva locaci\u00f3n para la cooperativa. <br \/>\u00a1Sin Poder Popular, No Hay Justicia Social!<\/span><br \/><span style=\"color: #0b5394;font-family: Verdana, sans-serif\"><b>Fuente: CTEP, Producci\u00f3n Riachuelo<\/b><\/span><\/p>\n","protected":false},"excerpt":{"rendered":"<p>EN DEFENSA DE LOS DERECHOS DE LA PATRONALSIN PODER POPULAR, NO HAY JUSTICIA SOCIAL Desde las 5:15 de la ma\u00f1ana (de ayer) efectivos de la Polic\u00eda Federal Argentina se encuentran desalojando el hist\u00f3rico bar ubicado en la esquina de Viamonte y Pasaje del Carmen. Con esta medida, adoptada por el juez Miguel Javier Gustavo Costa [&hellip;]<\/p>\n","protected":false},"author":4,"featured_media":0,"comment_status":"open","ping_status":"open","sticky":false,"template":"","format":"standard","meta":{"_monsterinsights_skip_tracking":false,"_monsterinsights_sitenote_active":false,"_monsterinsights_sitenote_note":"","_monsterinsights_sitenote_category":0,"jnews-multi-image_gallery":[],"jnews_single_post":{"format":"standard"},"jnews_primary_category":[],"_joinchat":[],"footnotes":""},"categories":[58],"tags":[148,89],"class_list":["post-377","post","type-post","status-publish","format-standard","hentry","category-noticiariachuelo","tag-trabajo","tag-violencia-institucional"],"_links":{"self":[{"href":"http:\/\/fmriachuelo.it10.com.ar\/index.php\/wp-json\/wp\/v2\/posts\/377","targetHints":{"allow":["GET"]}}],"collection":[{"href":"http:\/\/fmriachuelo.it10.com.ar\/index.php\/wp-json\/wp\/v2\/posts"}],"about":[{"href":"http:\/\/fmriachuelo.it10.com.ar\/index.php\/wp-json\/wp\/v2\/types\/post"}],"author":[{"embeddable":true,"href":"http:\/\/fmriachuelo.it10.com.ar\/index.php\/wp-json\/wp\/v2\/users\/4"}],"replies":[{"embeddable":true,"href":"http:\/\/fmriachuelo.it10.com.ar\/index.php\/wp-json\/wp\/v2\/comments?post=377"}],"version-history":[{"count":1,"href":"http:\/\/fmriachuelo.it10.com.ar\/index.php\/wp-json\/wp\/v2\/posts\/377\/revisions"}],"predecessor-version":[{"id":23535,"href":"http:\/\/fmriachuelo.it10.com.ar\/index.php\/wp-json\/wp\/v2\/posts\/377\/revisions\/23535"}],"wp:attachment":[{"href":"http:\/\/fmriachuelo.it10.com.ar\/index.php\/wp-json\/wp\/v2\/media?parent=377"}],"wp:term":[{"taxonomy":"category","embeddable":true,"href":"http:\/\/fmriachuelo.it10.com.ar\/index.php\/wp-json\/wp\/v2\/categories?post=377"},{"taxonomy":"post_tag","embeddable":true,"href":"http:\/\/fmriachuelo.it10.com.ar\/index.php\/wp-json\/wp\/v2\/tags?post=377"}],"curies":[{"name":"wp","href":"https:\/\/api.w.org\/{rel}","templated":true}]}}