{"id":3767,"date":"2017-02-27T14:14:02","date_gmt":"2017-02-27T14:14:02","guid":{"rendered":"http:\/\/fmriachuelo.com.ar\/ljkjklj\/?p=3767"},"modified":"2017-02-27T14:14:02","modified_gmt":"2017-02-27T14:14:02","slug":"moreno-ataque-a-la-comunicacion-popular","status":"publish","type":"post","link":"http:\/\/fmriachuelo.it10.com.ar\/index.php\/2017\/02\/27\/moreno-ataque-a-la-comunicacion-popular\/","title":{"rendered":"MORENO: ATAQUE A LA COMUNICACI\u00d3N POPULAR"},"content":{"rendered":"<p>[FM Riachuelo 27\/02\/2017] Ayer por la ma\u00f1ana se produjo un nuevo hecho en el proceso represivo que el gobierno de Macri viene impulsando contra la organizaci\u00f3n popular en los barrios. Esta vez, la emprendieron contra la radio comunitaria FM Ocupas 88.3, que forma parte de un proyecto social para dar respuesta a las personas que padecen alg\u00fan tipo de discapacidad. Aduciendo interferencias al Aerodromo de Moreno, se present\u00f3 personal del ENACOM con una nota administrativa que obligaba a cortar la transmisi\u00f3n de la emisora.<\/p>\n<p>El hecho resulta llamativo siendo que la emisora transmit\u00eda desde el a\u00f1o 2012 sin haberse notificado ning\u00fan inonveniente anterior del tipo se\u00f1alado por el ENACOM. Al mismo tiempo, resulta llamativo que la medida se tom\u00f3 sin ning\u00fan tipo de contacto o reuni\u00f3n previa con los responsables de la radio, alej\u00e1ndose del esp\u00edritu de la ley de Servicios de Comunicaci\u00f3n Audiovisual que reconoce y promueve a los medios comunitarios.<\/p>\n<p>FM Riachuelo tom\u00f3 contacto esta ma\u00f1ana, en un Chispazo Informativo, con Mariano Sanchez, responsable de Ocupas que expresaba su malestar y su preocupaci\u00f3n por la situaci\u00f3n: \u00abla \u00fanica hip\u00f3tesis que manejamos es que se trata de una cuesti\u00f3n pol\u00edtica. No quieren que emisoras como la nuestra est\u00e9n al aire\u00bb. Adem\u00e1s se\u00f1alaba: \u00abnos obligan a tomar medidas de lucha para poder poner la radio otra vez al aire\u00bb.<\/p>\n","protected":false},"excerpt":{"rendered":"<p>[FM Riachuelo 27\/02\/2017] Ayer por la ma\u00f1ana se produjo un nuevo hecho en el proceso represivo que el gobierno de Macri viene impulsando contra la organizaci\u00f3n popular en los barrios. Esta vez, la emprendieron contra la radio comunitaria FM Ocupas 88.3, que forma parte de un proyecto social para dar respuesta a las personas que [&hellip;]<\/p>\n","protected":false},"author":4,"featured_media":3768,"comment_status":"open","ping_status":"open","sticky":false,"template":"","format":"standard","meta":{"_monsterinsights_skip_tracking":false,"_monsterinsights_sitenote_active":false,"_monsterinsights_sitenote_note":"","_monsterinsights_sitenote_category":0,"jnews-multi-image_gallery":[],"jnews_single_post":[],"jnews_primary_category":[],"_joinchat":[],"footnotes":""},"categories":[76,77],"tags":[],"class_list":["post-3767","post","type-post","status-publish","format-standard","has-post-thumbnail","hentry","category-salud-comunitaria","category-soberania"],"_links":{"self":[{"href":"http:\/\/fmriachuelo.it10.com.ar\/index.php\/wp-json\/wp\/v2\/posts\/3767","targetHints":{"allow":["GET"]}}],"collection":[{"href":"http:\/\/fmriachuelo.it10.com.ar\/index.php\/wp-json\/wp\/v2\/posts"}],"about":[{"href":"http:\/\/fmriachuelo.it10.com.ar\/index.php\/wp-json\/wp\/v2\/types\/post"}],"author":[{"embeddable":true,"href":"http:\/\/fmriachuelo.it10.com.ar\/index.php\/wp-json\/wp\/v2\/users\/4"}],"replies":[{"embeddable":true,"href":"http:\/\/fmriachuelo.it10.com.ar\/index.php\/wp-json\/wp\/v2\/comments?post=3767"}],"version-history":[{"count":0,"href":"http:\/\/fmriachuelo.it10.com.ar\/index.php\/wp-json\/wp\/v2\/posts\/3767\/revisions"}],"wp:featuredmedia":[{"embeddable":true,"href":"http:\/\/fmriachuelo.it10.com.ar\/index.php\/wp-json\/"}],"wp:attachment":[{"href":"http:\/\/fmriachuelo.it10.com.ar\/index.php\/wp-json\/wp\/v2\/media?parent=3767"}],"wp:term":[{"taxonomy":"category","embeddable":true,"href":"http:\/\/fmriachuelo.it10.com.ar\/index.php\/wp-json\/wp\/v2\/categories?post=3767"},{"taxonomy":"post_tag","embeddable":true,"href":"http:\/\/fmriachuelo.it10.com.ar\/index.php\/wp-json\/wp\/v2\/tags?post=3767"}],"curies":[{"name":"wp","href":"https:\/\/api.w.org\/{rel}","templated":true}]}}