{"id":3758,"date":"2017-02-21T20:00:04","date_gmt":"2017-02-21T20:00:04","guid":{"rendered":"http:\/\/fmriachuelo.com.ar\/ljkjklj\/?p=3758"},"modified":"2017-02-21T20:00:04","modified_gmt":"2017-02-21T20:00:04","slug":"la-jornada-de-lucha-de-la-economia-popular-en-avellaneda-cortes-y-cortes-de-luz","status":"publish","type":"post","link":"http:\/\/fmriachuelo.it10.com.ar\/index.php\/2017\/02\/21\/la-jornada-de-lucha-de-la-economia-popular-en-avellaneda-cortes-y-cortes-de-luz\/","title":{"rendered":"LA JORNADA DE LUCHA DE LA ECONOMIA POPULAR EN AVELLANEDA: CORTES, Y CORTES DE LUZ"},"content":{"rendered":"<p>[FM Riachuelo 21\/02\/2017] La jornada de lucha impulsada por la Mesa Gremial 19 y 20 de la CTEP dio cuenta de la dif\u00edcil\u00a0situaci\u00f3n social y econ\u00f3mica que est\u00e1 atravesando el pa\u00eds, y en particular los trabajadores de la econom\u00eda popular. Pero la movilizaci\u00f3n en Avellaneda sum\u00f3 un elemento m\u00e1s: al regresar al barrio luego de una reuni\u00f3n con funcionarios donde se comprometieron a buscar soluciones a los temas planteados, se encontraron con una Villa Corina sin luz. La tormenta de la tarde fue demasiado para un precario sistema de abastecimiento el\u00e9ctrico que los vecinos y vecinas de Corina vienen denunciando hace meses.<\/p>\n<p>Resulta una burla m\u00e1s del macrismo a la dignidad de nuestros barrios que, adem\u00e1s de las angustias por la falta de trabajo y la merma en los ingresos de los hogares, se viva tambi\u00e9n un contexto de crisis energ\u00e9tica. Tarifazo mediante, las multinacionales de la electricidad\u00a0se llevan cada vez m\u00e1s ingresos pero en las casas de los laburantes se necesitan cada vez m\u00e1s velas.<\/p>\n<p>Sobre la situaci\u00f3n, Romp\u00e9 el Cerco Informativo (L a V, 18 hs) convers\u00f3 con Hugo Ledesma, del MP20, parte de la Mesa Gremial 19 y 20 (CTEP), y que moviliz\u00f3 esta ma\u00f1ana en los cortes de la jornada de lucha. Adem\u00e1s de compartir el resultado de la medida, Hugo advirti\u00f3 sobre el tema de la luz: \u00abno somos nosotros los que le vayamos a poner el freno a los vecinos. Nosotros vamos a acompa\u00f1ar lo que los vecinos de Corina decidan, y ellos est\u00e1n planteando ir a Edesur\u00bb.<\/p>\n","protected":false},"excerpt":{"rendered":"<p>[FM Riachuelo 21\/02\/2017] La jornada de lucha impulsada por la Mesa Gremial 19 y 20 de la CTEP dio cuenta de la dif\u00edcil\u00a0situaci\u00f3n social y econ\u00f3mica que est\u00e1 atravesando el pa\u00eds, y en particular los trabajadores de la econom\u00eda popular. Pero la movilizaci\u00f3n en Avellaneda sum\u00f3 un elemento m\u00e1s: al regresar al barrio luego de [&hellip;]<\/p>\n","protected":false},"author":4,"featured_media":3759,"comment_status":"open","ping_status":"open","sticky":false,"template":"","format":"standard","meta":{"_monsterinsights_skip_tracking":false,"_monsterinsights_sitenote_active":false,"_monsterinsights_sitenote_note":"","_monsterinsights_sitenote_category":0,"jnews-multi-image_gallery":[],"jnews_single_post":[],"jnews_primary_category":[],"_joinchat":[],"footnotes":""},"categories":[76,75],"tags":[],"class_list":["post-3758","post","type-post","status-publish","format-standard","has-post-thumbnail","hentry","category-salud-comunitaria","category-trabajo"],"_links":{"self":[{"href":"http:\/\/fmriachuelo.it10.com.ar\/index.php\/wp-json\/wp\/v2\/posts\/3758","targetHints":{"allow":["GET"]}}],"collection":[{"href":"http:\/\/fmriachuelo.it10.com.ar\/index.php\/wp-json\/wp\/v2\/posts"}],"about":[{"href":"http:\/\/fmriachuelo.it10.com.ar\/index.php\/wp-json\/wp\/v2\/types\/post"}],"author":[{"embeddable":true,"href":"http:\/\/fmriachuelo.it10.com.ar\/index.php\/wp-json\/wp\/v2\/users\/4"}],"replies":[{"embeddable":true,"href":"http:\/\/fmriachuelo.it10.com.ar\/index.php\/wp-json\/wp\/v2\/comments?post=3758"}],"version-history":[{"count":0,"href":"http:\/\/fmriachuelo.it10.com.ar\/index.php\/wp-json\/wp\/v2\/posts\/3758\/revisions"}],"wp:featuredmedia":[{"embeddable":true,"href":"http:\/\/fmriachuelo.it10.com.ar\/index.php\/wp-json\/"}],"wp:attachment":[{"href":"http:\/\/fmriachuelo.it10.com.ar\/index.php\/wp-json\/wp\/v2\/media?parent=3758"}],"wp:term":[{"taxonomy":"category","embeddable":true,"href":"http:\/\/fmriachuelo.it10.com.ar\/index.php\/wp-json\/wp\/v2\/categories?post=3758"},{"taxonomy":"post_tag","embeddable":true,"href":"http:\/\/fmriachuelo.it10.com.ar\/index.php\/wp-json\/wp\/v2\/tags?post=3758"}],"curies":[{"name":"wp","href":"https:\/\/api.w.org\/{rel}","templated":true}]}}