{"id":375,"date":"2015-06-12T02:24:00","date_gmt":"2015-06-12T02:24:00","guid":{"rendered":"http:\/\/fmriachuelo.observatorioess.org.ar\/index.php\/2015\/06\/12\/caba-salud-publica-y-mental-en-peligro\/"},"modified":"2025-04-01T15:06:51","modified_gmt":"2025-04-01T18:06:51","slug":"caba-salud-publica-y-mental-en-peligro","status":"publish","type":"post","link":"http:\/\/fmriachuelo.it10.com.ar\/index.php\/2015\/06\/12\/caba-salud-publica-y-mental-en-peligro\/","title":{"rendered":"CABA:  SALUD P\u00daBLICA Y MENTAL EN PELIGRO"},"content":{"rendered":"<div><span style=\"font-family: Verdana, sans-serif\"><strong><span style=\"color: red;font-size: large\">LAS POLITICAS DEL GOBIERNO DE LA CIUDAD<\/span><\/strong><\/span><\/div>\n<div><span style=\"font-family: Verdana, sans-serif\"><strong><span style=\"color: black;font-size: large\">JUNIO, UN MES DE INTENSA LUCHA<\/span><\/strong><\/span><\/div>\n<div><strong><span style=\"font-family: Verdana;font-size: large\"><\/span><\/strong>&nbsp;<\/div>\n<div style=\"clear: both;text-align: center\"><a href=\"http:\/\/2.bp.blogspot.com\/-cZeilmW8n28\/VXpB__4hNNI\/AAAAAAAAErM\/LqQV37N7M4c\/s1600\/Centro-de-Salud-Mental-N-3.jpg\" style=\"clear: left;float: left;margin-bottom: 1em;margin-right: 1em\"><img decoding=\"async\" border=\"0\" src=\"http:\/\/2.bp.blogspot.com\/-cZeilmW8n28\/VXpB__4hNNI\/AAAAAAAAErM\/LqQV37N7M4c\/s1600\/Centro-de-Salud-Mental-N-3.jpg\" \/><\/a><\/div>\n<div><span style=\"font-family: Verdana, sans-serif\">Difundimos:<br \/>ENCUENTRO CON CANDIDATOS A JEFE DE GOBIERNO Y LEGISLADORES de la C.A.B.A ( Mi\u00e9rcoles 17\/6 a las 12 hs)<\/p>\n<p>Queridos compa\u00f1eros, colegas, amigos:<\/p>\n<p>El Centro de Salud Mental Ameghino, viene desde hace d\u00e9cadas construyendo un modo de&nbsp; asistencia y de formaci\u00f3n,  sostenida en la labor interdisciplinaria, la excelencia acad\u00e9mica, el intercambio y aporte permanentes de los principales referentes de Salud Mental.<\/p>\n<p>Abre as\u00ed sus puertas a la demanda de atenci\u00f3n de pacientes, en una cl\u00ednica compleja que desaf\u00eda permanentemente la reflexi\u00f3n y la creatividad.<\/p>\n<p>Hoy, el inescrupulosos avance de las pol\u00edticas del Gobierno de la CABA en complicidad con los que dicen representar a los m\u00e9dicos municipales est\u00e1 produciendo serios estragos.<br \/> <a name='more'><\/a><br \/>Toda el \u00e1rea de SALUD MENTAL y particularmente nuestro Centro atraviesa una situaci\u00f3n de verdadera gravedad e inminente riesgo:<br \/>Significativa merma de la cantidad de psic\u00f3logos en pos del Control y la hegemon\u00eda m\u00e9dico-farmacol\u00f3gica. <\/p>\n<p>Disminuci\u00f3n a casi NADA del ingreso de CONCURRENTES.<\/p>\n<p>Control por parte de la Directora General  de Salud Mental de la formaci\u00f3n de RESIDENTES y CONCURRENTES, desconociendo la experiencia de los que vienen sosteniendo la formaci\u00f3n de profesionales. <\/p>\n<p>Vergonzosas designaciones de familiares y amigos. <\/p>\n<p>El intento permanente de imponer  proyectos improvisados e irresponsables. <\/p>\n<p>Todo esto hace al triste panorama de tener hoy un hospital CON S\u00d3LO LA MITAD DE LOS PROFESIONALES. <\/p>\n<p>Menos turnos para psicoterapia equivale a m\u00e1s medicaci\u00f3n y m\u00e1s internaciones.<\/p>\n<p>TODO a contramano de las leyes (448 de la CABA y la Nacional 26657), avances y consensos que ubican a la \u00abpalabra\u00bb en el centro en el abordaje interdisciplinario del padecimientos ps\u00edquico de los sujetos, en su singularidad.<\/p>\n<p>NECESITAMOS el apoyo de TODOS. <\/p>\n<p> Hemos convocados a candidatos y referentes pol\u00edticos, colegas, agrupaciones gremiales, a TODOS los que acompa\u00f1en nuestra lucha.<\/p>\n<p>El encuentro se llevar\u00e1 a cabo EL M\u00c9RCOLES 17  de JUNIO a las 12 hs. en nuestro Centro:&nbsp; Av. C\u00f3rdoba 3120, CABA.<\/p>\n<p>Muchas gracias.<br \/><\/span><\/div>\n<p><span><\/p>\n<div style=\"color: #444444;font-family: Calibri,sans-serif;line-height: 21.29px;text-align: left\"><span style=\"color: blue;font-family: Verdana, sans-serif\">Fuente: Asoc. de Profesionales, Producci\u00f3n&nbsp;Riachuelo<\/span>&nbsp;<\/div>\n<div><span style=\"color: #888888\"><\/span>&nbsp;<\/div>\n<p><span style=\"color: #888888\"><\/p>\n<div style=\"color: #444444;font-family: Calibri,sans-serif;font-size: 15px;line-height: 21.29px;text-align: center\">&nbsp;<\/div>\n<div style=\"line-height: 21.29px;text-align: center\">&nbsp;<\/div>\n<p><\/span><\/span><\/p>\n","protected":false},"excerpt":{"rendered":"<p>LAS POLITICAS DEL GOBIERNO DE LA CIUDAD JUNIO, UN MES DE INTENSA LUCHA &nbsp; Difundimos:ENCUENTRO CON CANDIDATOS A JEFE DE GOBIERNO Y LEGISLADORES de la C.A.B.A ( Mi\u00e9rcoles 17\/6 a las 12 hs) Queridos compa\u00f1eros, colegas, amigos: El Centro de Salud Mental Ameghino, viene desde hace d\u00e9cadas construyendo un modo de&nbsp; asistencia y de formaci\u00f3n, [&hellip;]<\/p>\n","protected":false},"author":4,"featured_media":0,"comment_status":"open","ping_status":"open","sticky":false,"template":"","format":"standard","meta":{"_monsterinsights_skip_tracking":false,"_monsterinsights_sitenote_active":false,"_monsterinsights_sitenote_note":"","_monsterinsights_sitenote_category":0,"jnews-multi-image_gallery":[],"jnews_single_post":{"format":"standard"},"jnews_primary_category":[],"_joinchat":[],"footnotes":""},"categories":[58],"tags":[69],"class_list":["post-375","post","type-post","status-publish","format-standard","hentry","category-noticiariachuelo","tag-salud"],"_links":{"self":[{"href":"http:\/\/fmriachuelo.it10.com.ar\/index.php\/wp-json\/wp\/v2\/posts\/375","targetHints":{"allow":["GET"]}}],"collection":[{"href":"http:\/\/fmriachuelo.it10.com.ar\/index.php\/wp-json\/wp\/v2\/posts"}],"about":[{"href":"http:\/\/fmriachuelo.it10.com.ar\/index.php\/wp-json\/wp\/v2\/types\/post"}],"author":[{"embeddable":true,"href":"http:\/\/fmriachuelo.it10.com.ar\/index.php\/wp-json\/wp\/v2\/users\/4"}],"replies":[{"embeddable":true,"href":"http:\/\/fmriachuelo.it10.com.ar\/index.php\/wp-json\/wp\/v2\/comments?post=375"}],"version-history":[{"count":1,"href":"http:\/\/fmriachuelo.it10.com.ar\/index.php\/wp-json\/wp\/v2\/posts\/375\/revisions"}],"predecessor-version":[{"id":23541,"href":"http:\/\/fmriachuelo.it10.com.ar\/index.php\/wp-json\/wp\/v2\/posts\/375\/revisions\/23541"}],"wp:attachment":[{"href":"http:\/\/fmriachuelo.it10.com.ar\/index.php\/wp-json\/wp\/v2\/media?parent=375"}],"wp:term":[{"taxonomy":"category","embeddable":true,"href":"http:\/\/fmriachuelo.it10.com.ar\/index.php\/wp-json\/wp\/v2\/categories?post=375"},{"taxonomy":"post_tag","embeddable":true,"href":"http:\/\/fmriachuelo.it10.com.ar\/index.php\/wp-json\/wp\/v2\/tags?post=375"}],"curies":[{"name":"wp","href":"https:\/\/api.w.org\/{rel}","templated":true}]}}