{"id":3746,"date":"2017-02-21T22:07:27","date_gmt":"2017-02-21T22:07:27","guid":{"rendered":"http:\/\/fmriachuelo.com.ar\/ljkjklj\/?p=3746"},"modified":"2017-02-21T22:07:27","modified_gmt":"2017-02-21T22:07:27","slug":"3746","status":"publish","type":"post","link":"http:\/\/fmriachuelo.it10.com.ar\/index.php\/2017\/02\/21\/3746\/","title":{"rendered":"MASIVA JORNADA DE LUCHA DE LA ECONOM\u00cdA POPULAR"},"content":{"rendered":"<p><strong>[Resistir y Luchar*, 21\/02\/2017]\u00a0Numerosos cortes de rutas, de calles, de puentes. Gritos de bronca por un a\u00f1o devastador, el que pas\u00f3, y por este que reci\u00e9n empieza donde a los m\u00e1s humildes se los desprecia y se los empuja cada vez m\u00e1s a la exclusi\u00f3n. Este martes el Gran Buenos Aires y los accesos a la Capital se convirtieron en un aquelarre donde se mezclaron el olor y el humo de los neum\u00e1ticos quemados con las banderas y pancartas exigiendo al Gobierno que pare la mano y cumpla con la ley de Emergencia Social recientemente aprobada.<\/strong><\/p>\n<p><strong>La Mesa Gremial 19 y 20 de diciembre de la CTEP (Central de Trabajadores de la Econom\u00eda Popular)<\/strong> sali\u00f3 con todo a demostrarle a Mauricio Macri que los m\u00e1s golpeados por la ofensiva neoliberal no est\u00e1n dispuestos a quedarse con los brazos cruzados. Se produjeron cortes en <strong>San Mart\u00edn, Avellaneda, La Matanza (frente al Mercado Central), Pipinas (en la ruta 36), Jos\u00e9 C.Paz, en La Boca y el Puente Avellaneda.<\/strong> Adem\u00e1s, militantes de <strong>Barrio de Pie<\/strong> paralizaron el tr\u00e1nsito vehicular en el <strong>Puente Pueyrred\u00f3n<\/strong>, y de esta manera, al estar bloqueados los dos puntos m\u00e1s importantes de acceso a la Capital por Zona Sur, la protesta logr\u00f3 ser visibilizada, incluso por aquellos funcionarios que suelen mirar a un costado ante los reclamos de los trabajadores. Por su parte tambi\u00e9n hubo m\u00e1s movilizaciones en<strong> La Matanza, del Movimiento Popular La Dignidad<\/strong> recordando a <strong>Dar\u00edo \u201cIki\u201d Juli\u00e1n,<\/strong> uno de sus militantes recientemente fallecido luego de haber sido baleado en una protesta.<\/p>\n<p><img loading=\"lazy\" decoding=\"async\" class=\"aligncenter wp-image-3751 size-full\" src=\"http:\/\/fmriachuelo.com.ar\/ljkjklj\/wp-content\/uploads\/2017\/02\/olp-3-feb.jpg\" width=\"480\" height=\"360\" \/><\/p>\n<p>En el <strong>Chaco<\/strong>, integrantes de la <strong>CTEP<\/strong> se movilizaron y cortaron rutas en esa provincia donde el hambre y la desesperaci\u00f3n se hace sentir.<\/p>\n<p>Frente al <strong>Mercado Central, en La Matanza,<\/strong> donde diariamente se concentran toneladas de alimentos a los que la gran mayor\u00eda de los habitantes de barrios humildes luego no pueden adquirir por el alto precio de carnes y verduras, el escenario era una radiograf\u00eda de la Argentina de hoy, gobernada por la derecha. J\u00f3venes con sus rostros tapados, barricadas de fuego, consignas de \u201cMacri basura, vos sos la dictadura\u201d, y muchos vecinos asintiendo y haciendo la V de la victoria.<\/p>\n<p><img loading=\"lazy\" decoding=\"async\" class=\"aligncenter wp-image-3749 size-full\" src=\"http:\/\/fmriachuelo.com.ar\/ljkjklj\/wp-content\/uploads\/2017\/02\/mercado-central.jpg\" width=\"480\" height=\"288\" \/><\/p>\n<p>En <strong>San Mart\u00edn<\/strong>, confluyeron vecinos y comerciantes de la zona frente al <strong>GECAL (Gerencia de Empleo y Capacitaci\u00f3n Social)<\/strong> que depende del <strong>Ministerio de Trabajo<\/strong>, donde se manejan los planes \u201cconstruir empleo\u201d, totalmente devaluados por el actual gobierno.<\/p>\n<p>Frente a la<strong> Municipalidad de Avellaneda<\/strong>, la concentraci\u00f3n de numerosos militantes y vecinos lograron forzar que las autoridades los recibieran a efectos de entregarles un petitorio con sus demandas.<\/p>\n<p><img loading=\"lazy\" decoding=\"async\" class=\"size-medium wp-image-3752 alignleft\" src=\"http:\/\/fmriachuelo.com.ar\/ljkjklj\/wp-content\/uploads\/2017\/02\/los-pibes-300x169.jpg\" alt=\"\" width=\"300\" height=\"169\" \/>En <strong>La Boca<\/strong>, pudieron verse numerosos veh\u00edculos buscando caminos alternativos para sortear los dos cortes, el del <strong>Puente Pueyrred\u00f3n<\/strong>, en Avellaneda y <strong>el Puente Avellaneda<\/strong>, cortado a cal y canto por varias organizaciones sociales. A diferencia de otras veces, donde algunos ch\u00f3feres se ponen nerviosos e insultan a los piqueteros, en esta ocasi\u00f3n, <strong>desde varios camiones se escucharon maldiciones a Macri<\/strong> y a su pol\u00edtica econ\u00f3mica, mientras automovilistas hac\u00edan sonar sus bocinas aprobando la protesta.<\/p>\n<p><img loading=\"lazy\" decoding=\"async\" class=\"size-medium wp-image-3753 alignright\" src=\"http:\/\/fmriachuelo.com.ar\/ljkjklj\/wp-content\/uploads\/2017\/02\/fm-riachuelo-300x173.jpg\" alt=\"\" width=\"300\" height=\"173\" \/><strong>Indudablemente, la paciencia de una buena parte del pueblo ha comenzado a agotarse<\/strong>. Por un lado est\u00e1n los despidos, que contin\u00faan diariamente. Esta semana se conoci\u00f3 la<strong> suspensi\u00f3n de 600 obreros de la f\u00e1brica de automotores Volkswagen<\/strong>, en Tigre, que se suma a los <strong>380 despedidos de la gr\u00e1fica AGR<\/strong> y el grave conflicto en los<strong> laboratorios Roux Ocefa<\/strong>, ocupado por sus trabajadores por falta de pago de siete meses de salarios. Por otro lado, se viene un <strong>nuevo tarifazo<\/strong>, con aumentos siderales del gas, la luz y el agua. Decenas de peque\u00f1as empresas est\u00e1n obligadas a bajar las persianas y hasta clubes de barrio ya no pueden seguir con sus actividades por verse impedidos a afrontar el aumento producido en el consumo de energ\u00eda el\u00e9ctrica.<\/p>\n<p>Para colmo, ya faltan pocos d\u00edas para marzo, en que comienzan las clases y al margen de que<strong> los docentes ya anuncian paros<\/strong> por insatisfacci\u00f3n de sus reclamos salariales, las familias de pocos recursos no podr\u00e1n afrontar aumentos en el rubro escolar de m\u00e1s de 200 por ciento.<\/p>\n<p><img loading=\"lazy\" decoding=\"async\" class=\"aligncenter wp-image-3755 size-large\" src=\"http:\/\/fmriachuelo.com.ar\/ljkjklj\/wp-content\/uploads\/2017\/02\/chaco-1024x576.jpg\" width=\"640\" height=\"360\" \/><\/p>\n<p>Es en funci\u00f3n de este panorama y de <strong>reclamar la implementaci\u00f3n de la ley de emergencia social y que cese la persecusi\u00f3n a los trabajadores de la econom\u00eda popular<\/strong>, como ocurriera recientemente con los integrantes de la<strong> Cooperativa Coopechas<\/strong>, es que la <strong>Mesa Gremial 19 y 20<\/strong> comenz\u00f3 a calentar motores de cara a la <strong>gran movilizaci\u00f3n que prepara el triunvirato de la CGT junto a la CTEP para el pr\u00f3ximo 7 de marzo.<\/strong> Y que coronar\u00e1n el <strong>8 de ese mes con el Paro Nacional y mundial de Mujeres.<\/strong><\/p>\n<p>\u201cEsto que se pudo ver hoy en las calles indica la predisposici\u00f3n de nuestro pueblo a movilizarse y a resistir el embate que el mal gobierno de Mauricio Macri intenta implementar en Argentina\u201d, <strong>se\u00f1ala Lito Borello, uno de los referentes de la Mesa 19 y 20 y Secretario de Derechos Humanos de la CTEP.<\/strong><\/p>\n<p><img loading=\"lazy\" decoding=\"async\" class=\"aligncenter wp-image-3754 size-large\" src=\"http:\/\/fmriachuelo.com.ar\/ljkjklj\/wp-content\/uploads\/2017\/02\/pipinas-1024x614.jpg\" width=\"640\" height=\"384\" \/><\/p>\n<p>Este mismo vocero agreg\u00f3 que \u201cya estamos hablando, en las calles, de un proceso de vertebramiento, de reorganizaci\u00f3n de los sectores populares, que va indicando la predisposici\u00f3n y dignidad que tiene este pueblo para resistir este golpe neoconservador del macrismo\u201d.<\/p>\n<p><span style=\"color: #3366ff\"><strong>*Producci\u00f3n en unidad:\u00a0Resumen Latinoamericano, FM Riachuelo, Revista Venceremos<\/strong><\/span><\/p>\n","protected":false},"excerpt":{"rendered":"<p>[Resistir y Luchar*, 21\/02\/2017]\u00a0Numerosos cortes de rutas, de calles, de puentes. Gritos de bronca por un a\u00f1o devastador, el que pas\u00f3, y por este que reci\u00e9n empieza donde a los m\u00e1s humildes se los desprecia y se los empuja cada vez m\u00e1s a la exclusi\u00f3n. Este martes el Gran Buenos Aires y los accesos a [&hellip;]<\/p>\n","protected":false},"author":4,"featured_media":3747,"comment_status":"open","ping_status":"open","sticky":false,"template":"","format":"standard","meta":{"_monsterinsights_skip_tracking":false,"_monsterinsights_sitenote_active":false,"_monsterinsights_sitenote_note":"","_monsterinsights_sitenote_category":0,"jnews-multi-image_gallery":[],"jnews_single_post":[],"jnews_primary_category":[],"_joinchat":[],"footnotes":""},"categories":[78,76,75],"tags":[],"class_list":["post-3746","post","type-post","status-publish","format-standard","has-post-thumbnail","hentry","category-economia-popular","category-salud-comunitaria","category-trabajo"],"_links":{"self":[{"href":"http:\/\/fmriachuelo.it10.com.ar\/index.php\/wp-json\/wp\/v2\/posts\/3746","targetHints":{"allow":["GET"]}}],"collection":[{"href":"http:\/\/fmriachuelo.it10.com.ar\/index.php\/wp-json\/wp\/v2\/posts"}],"about":[{"href":"http:\/\/fmriachuelo.it10.com.ar\/index.php\/wp-json\/wp\/v2\/types\/post"}],"author":[{"embeddable":true,"href":"http:\/\/fmriachuelo.it10.com.ar\/index.php\/wp-json\/wp\/v2\/users\/4"}],"replies":[{"embeddable":true,"href":"http:\/\/fmriachuelo.it10.com.ar\/index.php\/wp-json\/wp\/v2\/comments?post=3746"}],"version-history":[{"count":0,"href":"http:\/\/fmriachuelo.it10.com.ar\/index.php\/wp-json\/wp\/v2\/posts\/3746\/revisions"}],"wp:featuredmedia":[{"embeddable":true,"href":"http:\/\/fmriachuelo.it10.com.ar\/index.php\/wp-json\/"}],"wp:attachment":[{"href":"http:\/\/fmriachuelo.it10.com.ar\/index.php\/wp-json\/wp\/v2\/media?parent=3746"}],"wp:term":[{"taxonomy":"category","embeddable":true,"href":"http:\/\/fmriachuelo.it10.com.ar\/index.php\/wp-json\/wp\/v2\/categories?post=3746"},{"taxonomy":"post_tag","embeddable":true,"href":"http:\/\/fmriachuelo.it10.com.ar\/index.php\/wp-json\/wp\/v2\/tags?post=3746"}],"curies":[{"name":"wp","href":"https:\/\/api.w.org\/{rel}","templated":true}]}}