{"id":374,"date":"2015-06-12T02:38:00","date_gmt":"2015-06-12T02:38:00","guid":{"rendered":"http:\/\/fmriachuelo.observatorioess.org.ar\/index.php\/2015\/06\/12\/santa-fe-elecciones-2015\/"},"modified":"2025-04-01T15:07:47","modified_gmt":"2025-04-01T18:07:47","slug":"santa-fe-elecciones-2015","status":"publish","type":"post","link":"http:\/\/fmriachuelo.it10.com.ar\/index.php\/2015\/06\/12\/santa-fe-elecciones-2015\/","title":{"rendered":"SANTA FE: ELECCIONES 2015"},"content":{"rendered":"<p><span style=\"color: red;font-family: Verdana, sans-serif;font-size: large\"><strong>DISPUTA ELECTORAL SANTAFECINA<\/strong><\/span><\/p>\n<div style=\"clear: both;text-align: center\"><a href=\"http:\/\/2.bp.blogspot.com\/-5cG6y1E2fiM\/VXpFvDg4eEI\/AAAAAAAAErY\/Pr8jcNk4Yik\/s1600\/CANDIDTATOS.jpg\" style=\"clear: left;float: left;margin-bottom: 1em;margin-right: 1em\"><img loading=\"lazy\" decoding=\"async\" border=\"0\" height=\"195\" src=\"http:\/\/2.bp.blogspot.com\/-5cG6y1E2fiM\/VXpFvDg4eEI\/AAAAAAAAErY\/Pr8jcNk4Yik\/s320\/CANDIDTATOS.jpg\" width=\"320\" \/><\/a><\/div>\n<div style=\"text-align: justify\"><span style=\"font-family: Verdana, sans-serif\">El pr\u00f3ximo domingo 14 de junio son las elecciones generales en la provincia de Santa Fe. Los ciudadanos y ciudadanas mayores de 18 a\u00f1os eligen los candidatos para las categor\u00edas de Gobernador y Vice, Diputados Provinciales, Senadores Departamentales, Intendentes, Concejales, Comisiones Comunales y Contralores de Cuentas con el sistema de boleta \u00fanica.<\/span><\/div>\n<div style=\"text-align: justify\"><span style=\"font-family: Verdana, sans-serif\">En este contexto&nbsp;en el d\u00eda de ayer el ex gobernador Carlos Reuteman se present\u00f3 en la&nbsp;ciudad de Santa F\u00e9&nbsp;junto a Mauricio Macri y fueron abucheados y apedreados por habitantes de Santa Fe y tuvieron que huir del lugar en sus veh\u00edculos frente a la insistencia en el repudio masivo.<\/p>\n<p>El panorama electoral de Miguel Del Sel, candidato a gobernador del PRO en la provincia Santa Fe, podr\u00eda complicarse si los \u00faltimos sondeos confirman el escenario de paridad con relaci\u00f3n a sus competidores. <\/p>\n<p>A pocos d\u00edas de los comicios, la consultora Nueva Comunicaci\u00f3n, que dirige C\u00e9sar Mansilla, da ganador al referente del Frente Progresista, Miguel Lifschitz con dos puntos de ventaja. <\/span><a name='more'><\/a><span style=\"font-family: Verdana, sans-serif\"><br \/>De acuerdo a la encuesta, basada en un relevamiento de 1960 personas en toda la provincia, Lifschitz lograr\u00eda el 30,8 %, Del Sel el 28,9 % y Omar Perotti, del <\/span><span style=\"font-family: Verdana, sans-serif\">Frente para la Victoria<\/span><span style=\"font-family: Verdana, sans-serif\">, el 25,4 %. En cuarto lugar, seg\u00fan Nueva Comunicaci\u00f3n, quedar\u00eda el candidato del <\/span><span style=\"font-family: Verdana, sans-serif\">Frente Renovador<\/span><span style=\"font-family: Verdana, sans-serif\">, Oscar \u00abCachi\u00bb Mart\u00ednez, con el 6 %. <\/p>\n<p>Seg\u00fan Mansilla, la candidatura de Del Sel no refleja la presencia del PRO en Santa Fe. Este factor se observa en los n\u00fameros del voto a diputados provinciales, en que el PRO est\u00e1 tercero. <\/p>\n<p>En ese marco ganar\u00eda con amplitud el actual gobernador <\/span><span style=\"font-family: Verdana, sans-serif\">Antonio Bonfatti<\/span><span style=\"font-family: Verdana, sans-serif\"> con el 46 % de los votos seguido por H\u00e9ctor Cavallero, del Frente Justicialista para la Victoria, con 17 % y Roy L\u00f3pez Molina del PRO, con el 13 %.<\/span><\/p>\n<div style=\"text-align: justify\"><span style=\"font-family: Verdana\"><\/span>&nbsp;<\/div>\n<div style=\"text-align: justify\"><span style=\"color: blue;font-family: Verdana\">Fuente: El Destape, Producci\u00f3n Riachuelo<\/span><\/div>\n<\/div>\n","protected":false},"excerpt":{"rendered":"<p>DISPUTA ELECTORAL SANTAFECINA El pr\u00f3ximo domingo 14 de junio son las elecciones generales en la provincia de Santa Fe. Los ciudadanos y ciudadanas mayores de 18 a\u00f1os eligen los candidatos para las categor\u00edas de Gobernador y Vice, Diputados Provinciales, Senadores Departamentales, Intendentes, Concejales, Comisiones Comunales y Contralores de Cuentas con el sistema de boleta \u00fanica. [&hellip;]<\/p>\n","protected":false},"author":4,"featured_media":0,"comment_status":"open","ping_status":"open","sticky":false,"template":"","format":"standard","meta":{"_monsterinsights_skip_tracking":false,"_monsterinsights_sitenote_active":false,"_monsterinsights_sitenote_note":"","_monsterinsights_sitenote_category":0,"jnews-multi-image_gallery":[],"jnews_single_post":{"format":"standard"},"jnews_primary_category":[],"_joinchat":[],"footnotes":""},"categories":[58],"tags":[],"class_list":["post-374","post","type-post","status-publish","format-standard","hentry","category-noticiariachuelo"],"_links":{"self":[{"href":"http:\/\/fmriachuelo.it10.com.ar\/index.php\/wp-json\/wp\/v2\/posts\/374","targetHints":{"allow":["GET"]}}],"collection":[{"href":"http:\/\/fmriachuelo.it10.com.ar\/index.php\/wp-json\/wp\/v2\/posts"}],"about":[{"href":"http:\/\/fmriachuelo.it10.com.ar\/index.php\/wp-json\/wp\/v2\/types\/post"}],"author":[{"embeddable":true,"href":"http:\/\/fmriachuelo.it10.com.ar\/index.php\/wp-json\/wp\/v2\/users\/4"}],"replies":[{"embeddable":true,"href":"http:\/\/fmriachuelo.it10.com.ar\/index.php\/wp-json\/wp\/v2\/comments?post=374"}],"version-history":[{"count":1,"href":"http:\/\/fmriachuelo.it10.com.ar\/index.php\/wp-json\/wp\/v2\/posts\/374\/revisions"}],"predecessor-version":[{"id":23543,"href":"http:\/\/fmriachuelo.it10.com.ar\/index.php\/wp-json\/wp\/v2\/posts\/374\/revisions\/23543"}],"wp:attachment":[{"href":"http:\/\/fmriachuelo.it10.com.ar\/index.php\/wp-json\/wp\/v2\/media?parent=374"}],"wp:term":[{"taxonomy":"category","embeddable":true,"href":"http:\/\/fmriachuelo.it10.com.ar\/index.php\/wp-json\/wp\/v2\/categories?post=374"},{"taxonomy":"post_tag","embeddable":true,"href":"http:\/\/fmriachuelo.it10.com.ar\/index.php\/wp-json\/wp\/v2\/tags?post=374"}],"curies":[{"name":"wp","href":"https:\/\/api.w.org\/{rel}","templated":true}]}}