{"id":3733,"date":"2017-02-21T02:25:33","date_gmt":"2017-02-21T02:25:33","guid":{"rendered":"http:\/\/fmriachuelo.com.ar\/ljkjklj\/?p=3733"},"modified":"2017-02-21T02:25:33","modified_gmt":"2017-02-21T02:25:33","slug":"denuncian-ofensiva-del-gobierno-contra-frigorificos-recuperados","status":"publish","type":"post","link":"http:\/\/fmriachuelo.it10.com.ar\/index.php\/2017\/02\/21\/denuncian-ofensiva-del-gobierno-contra-frigorificos-recuperados\/","title":{"rendered":"DENUNCIAN OFENSIVA DEL GOBIERNO CONTRA FRIGORIFICOS RECUPERADOS"},"content":{"rendered":"<p>[FM Riachuelo 21\/02\/2017] En el d\u00eda de ayer se conoci\u00f3 una denuncia del Movimiento Nacional de Empresas Recuperadas (MNER) sobre una nueva ofensiva del gobierno de Macri, en connivencia con las corporaciones del sector de la carne, contra el sector de la econom\u00eda popular de los frigor\u00edficos recuperados por sus trabajadores.<\/p>\n<p>A partir de un borrador, que se filtr\u00f3 de una reuni\u00f3n entre el gobierno y la patronal de las empresas frigor\u00edficas, se conoci\u00f3 que el gobierno estar\u00eda dispuesto a encarar por decreto un reclamo del cartel de la carne para dar de baja las matr\u00edculas que autorizan a los frigor\u00edficos recuperados que hoy se organizan bajo la figura de Cooperativas de Trabajo.<\/p>\n<p>Por la tarde, Romp\u00e9 el Cerco Informativo (L a V, 18 hs) pudo conversar con Eduardo \u00abVasco\u00bb Mur\u00faa, presidente del MNER, quien describi\u00f3 la trama de intereses que motivan esta maniobra del gobierno nacional. Advirti\u00f3 tambi\u00e9n que el sector, con la solidaridad de todos los trabajadores de la econom\u00eda popular, se encuentra en estado de alerta en caso de ser necesario tomar medidas de fuerza contra esta nueva ofensiva.<\/p>\n","protected":false},"excerpt":{"rendered":"<p>[FM Riachuelo 21\/02\/2017] En el d\u00eda de ayer se conoci\u00f3 una denuncia del Movimiento Nacional de Empresas Recuperadas (MNER) sobre una nueva ofensiva del gobierno de Macri, en connivencia con las corporaciones del sector de la carne, contra el sector de la econom\u00eda popular de los frigor\u00edficos recuperados por sus trabajadores. A partir de un [&hellip;]<\/p>\n","protected":false},"author":4,"featured_media":3735,"comment_status":"open","ping_status":"open","sticky":false,"template":"","format":"standard","meta":{"_monsterinsights_skip_tracking":false,"_monsterinsights_sitenote_active":false,"_monsterinsights_sitenote_note":"","_monsterinsights_sitenote_category":0,"jnews-multi-image_gallery":[],"jnews_single_post":[],"jnews_primary_category":[],"_joinchat":[],"footnotes":""},"categories":[76,75],"tags":[],"class_list":["post-3733","post","type-post","status-publish","format-standard","has-post-thumbnail","hentry","category-salud-comunitaria","category-trabajo"],"_links":{"self":[{"href":"http:\/\/fmriachuelo.it10.com.ar\/index.php\/wp-json\/wp\/v2\/posts\/3733","targetHints":{"allow":["GET"]}}],"collection":[{"href":"http:\/\/fmriachuelo.it10.com.ar\/index.php\/wp-json\/wp\/v2\/posts"}],"about":[{"href":"http:\/\/fmriachuelo.it10.com.ar\/index.php\/wp-json\/wp\/v2\/types\/post"}],"author":[{"embeddable":true,"href":"http:\/\/fmriachuelo.it10.com.ar\/index.php\/wp-json\/wp\/v2\/users\/4"}],"replies":[{"embeddable":true,"href":"http:\/\/fmriachuelo.it10.com.ar\/index.php\/wp-json\/wp\/v2\/comments?post=3733"}],"version-history":[{"count":0,"href":"http:\/\/fmriachuelo.it10.com.ar\/index.php\/wp-json\/wp\/v2\/posts\/3733\/revisions"}],"wp:featuredmedia":[{"embeddable":true,"href":"http:\/\/fmriachuelo.it10.com.ar\/index.php\/wp-json\/"}],"wp:attachment":[{"href":"http:\/\/fmriachuelo.it10.com.ar\/index.php\/wp-json\/wp\/v2\/media?parent=3733"}],"wp:term":[{"taxonomy":"category","embeddable":true,"href":"http:\/\/fmriachuelo.it10.com.ar\/index.php\/wp-json\/wp\/v2\/categories?post=3733"},{"taxonomy":"post_tag","embeddable":true,"href":"http:\/\/fmriachuelo.it10.com.ar\/index.php\/wp-json\/wp\/v2\/tags?post=3733"}],"curies":[{"name":"wp","href":"https:\/\/api.w.org\/{rel}","templated":true}]}}