{"id":3731,"date":"2017-02-21T03:09:42","date_gmt":"2017-02-21T03:09:42","guid":{"rendered":"http:\/\/fmriachuelo.com.ar\/ljkjklj\/?p=3731"},"modified":"2017-02-21T03:09:42","modified_gmt":"2017-02-21T03:09:42","slug":"jornada-de-lucha-por-criminalizacion-de-la-protesta-e-incumplimiento-de-la-ley-de-emergencia-social","status":"publish","type":"post","link":"http:\/\/fmriachuelo.it10.com.ar\/index.php\/2017\/02\/21\/jornada-de-lucha-por-criminalizacion-de-la-protesta-e-incumplimiento-de-la-ley-de-emergencia-social\/","title":{"rendered":"JORNADA DE LUCHA POR CRIMINALIZACI\u00d3N DE LA PROTESTA E INCUMPLIMIENTO DE LA LEY DE EMERGENCIA SOCIAL"},"content":{"rendered":"<p><strong>[FM Riachuelo 20\/02\/2017] Ma\u00f1ana martes a partir de las 11 horas la Mesa Gremial\u00a019 y 20 &#8211; CTEP realizar\u00e1 diversos cortes de calles y accesos en la Ciudad de Buenos Aires, el Gran Buenos Aires y la provincia de Chaco. Se trata de la lucha de los trabajadores de la Econom\u00eda Popular por el incumplimiento y la falta de reglamentaci\u00f3n de la Ley de Emergencia Social, aprobada en el Congreso a fin del a\u00f1o pasado. Y en el contexto de un gobierno que favorece a los poderosos a como de lugar, es un acto de defensa ante la criminalizaci\u00f3n de la protesta social.<\/strong><\/p>\n<p>Ma\u00f1ana la <strong>Mesa Gremial 19 y 20 &#8211; CTEP<\/strong> realizar\u00e1 9 cortes. En las provincias de Chaco, Buenos Aires, -Jos\u00e9 C. Paz, Hurlingham, San Mart\u00edn, La Matanza, Pipinas y Avellaneda-, y en la Ciudad de Buenos Aires en el Barrio de La Boca, en el Puente Nicol\u00e1s Avellaneda.<\/p>\n<p>La medida es por la <strong>irregular aplicaci\u00f3n de la Ley de Emergencia Social<\/strong>, a\u00fan sin reglamentar, que fuera aprobada en diciembre del a\u00f1o pasado por el Congreso de la Naci\u00f3n. Esto genera demoras en la asignaci\u00f3n de los recursos a los trabajadores de la Econom\u00eda Popular, favoreciendo el abuso discrecional de un estado que favorece a los sectores poderosos generando m\u00e1s sufrimiento en aquellos que intentan sobrevivir creando su fuente de trabajo ante una nueva \u00e9poca de desempleo.<\/p>\n<p>Adem\u00e1s, las organizaciones que expresan la defensa de los trabajadores de la econom\u00eda popular, tambi\u00e9n incorporan al plan de lucha de ma\u00f1ana una fuerte denuncia\u00a0<strong>contra la criminalizaci\u00f3n y judicializaci\u00f3n de la protesta<\/strong>, como mecanismo de represi\u00f3n y de persecusi\u00f3n de las organizaciones\u00a0-como el caso que la FM Riachuelo viene siguiendo de<strong> COOPECHAS en Pipinas<\/strong>&#8211; y de sus dirigentes.<\/p>\n<p>Precisamente <strong>Lito Borello<\/strong>, Secretario de DDHH de la CTEP y referente de la Mesa Gremial, y que el pr\u00f3ximo 21 de marzo afrontar\u00e1 un juicio por la toma de la Comisar\u00eda 24 a consecuencia del asesinato del militante popular Mart\u00edn el Oso Cisneros, acontecido en junio de 2004, dialog\u00f3 esta tarde con\u00a0<strong>Romp\u00e9 el Cerco Informativo\u00a0<\/strong>denunciando el grave escenario social y pol\u00edtico en el que se producen estas medidas de fuerza.<\/p>\n<p>&nbsp;<\/p>\n","protected":false},"excerpt":{"rendered":"<p>[FM Riachuelo 20\/02\/2017] Ma\u00f1ana martes a partir de las 11 horas la Mesa Gremial\u00a019 y 20 &#8211; CTEP realizar\u00e1 diversos cortes de calles y accesos en la Ciudad de Buenos Aires, el Gran Buenos Aires y la provincia de Chaco. Se trata de la lucha de los trabajadores de la Econom\u00eda Popular por el incumplimiento [&hellip;]<\/p>\n","protected":false},"author":4,"featured_media":3737,"comment_status":"open","ping_status":"open","sticky":false,"template":"","format":"standard","meta":{"_monsterinsights_skip_tracking":false,"_monsterinsights_sitenote_active":false,"_monsterinsights_sitenote_note":"","_monsterinsights_sitenote_category":0,"jnews-multi-image_gallery":[],"jnews_single_post":[],"jnews_primary_category":[],"_joinchat":[],"footnotes":""},"categories":[78,76,75],"tags":[],"class_list":["post-3731","post","type-post","status-publish","format-standard","has-post-thumbnail","hentry","category-economia-popular","category-salud-comunitaria","category-trabajo"],"_links":{"self":[{"href":"http:\/\/fmriachuelo.it10.com.ar\/index.php\/wp-json\/wp\/v2\/posts\/3731","targetHints":{"allow":["GET"]}}],"collection":[{"href":"http:\/\/fmriachuelo.it10.com.ar\/index.php\/wp-json\/wp\/v2\/posts"}],"about":[{"href":"http:\/\/fmriachuelo.it10.com.ar\/index.php\/wp-json\/wp\/v2\/types\/post"}],"author":[{"embeddable":true,"href":"http:\/\/fmriachuelo.it10.com.ar\/index.php\/wp-json\/wp\/v2\/users\/4"}],"replies":[{"embeddable":true,"href":"http:\/\/fmriachuelo.it10.com.ar\/index.php\/wp-json\/wp\/v2\/comments?post=3731"}],"version-history":[{"count":0,"href":"http:\/\/fmriachuelo.it10.com.ar\/index.php\/wp-json\/wp\/v2\/posts\/3731\/revisions"}],"wp:featuredmedia":[{"embeddable":true,"href":"http:\/\/fmriachuelo.it10.com.ar\/index.php\/wp-json\/"}],"wp:attachment":[{"href":"http:\/\/fmriachuelo.it10.com.ar\/index.php\/wp-json\/wp\/v2\/media?parent=3731"}],"wp:term":[{"taxonomy":"category","embeddable":true,"href":"http:\/\/fmriachuelo.it10.com.ar\/index.php\/wp-json\/wp\/v2\/categories?post=3731"},{"taxonomy":"post_tag","embeddable":true,"href":"http:\/\/fmriachuelo.it10.com.ar\/index.php\/wp-json\/wp\/v2\/tags?post=3731"}],"curies":[{"name":"wp","href":"https:\/\/api.w.org\/{rel}","templated":true}]}}