{"id":3728,"date":"2017-02-20T02:43:19","date_gmt":"2017-02-20T02:43:19","guid":{"rendered":"http:\/\/fmriachuelo.com.ar\/ljkjklj\/?p=3728"},"modified":"2017-02-20T02:43:19","modified_gmt":"2017-02-20T02:43:19","slug":"vacantes-conflicto-sin-resolver-por-el-gcba","status":"publish","type":"post","link":"http:\/\/fmriachuelo.it10.com.ar\/index.php\/2017\/02\/20\/vacantes-conflicto-sin-resolver-por-el-gcba\/","title":{"rendered":"VACANTES: CONFLICTO SIN RESOLVER POR EL GCBA"},"content":{"rendered":"<p>[FM Riachuelo 17\/02\/2017] A pocos d\u00edas de \u00bfiniciar las clases? se agudiza el problema que a\u00f1o a a\u00f1o se viene repitiendo en la Ciudad de Buenos Aires: la falta de vacantes en las escuelas p\u00fablicas. Aunque el panorama es bastante grave, con un Ministerio de Educaci\u00f3n porte\u00f1o que se desliga de responsabilidades frente a los padres y las madres que reclaman, preocupa un tema de fondo: el GCBA sigue empujando a los chicos y chicas a la educaci\u00f3n privada y profundizando el deterioro y la capacidad de inclusi\u00f3n del sistema educativo p\u00fablico.<\/p>\n<p>Sobre este tema y las perspectivas hacia adelante convers\u00f3 Romp\u00e9 el Cerco Informativo (L a V, 18 hs) con Patricia Pines, madre en lucha por las vacantes.<\/p>\n","protected":false},"excerpt":{"rendered":"<p>[FM Riachuelo 17\/02\/2017] A pocos d\u00edas de \u00bfiniciar las clases? se agudiza el problema que a\u00f1o a a\u00f1o se viene repitiendo en la Ciudad de Buenos Aires: la falta de vacantes en las escuelas p\u00fablicas. Aunque el panorama es bastante grave, con un Ministerio de Educaci\u00f3n porte\u00f1o que se desliga de responsabilidades frente a los [&hellip;]<\/p>\n","protected":false},"author":4,"featured_media":3729,"comment_status":"open","ping_status":"open","sticky":false,"template":"","format":"standard","meta":{"_monsterinsights_skip_tracking":false,"_monsterinsights_sitenote_active":false,"_monsterinsights_sitenote_note":"","_monsterinsights_sitenote_category":0,"jnews-multi-image_gallery":[],"jnews_single_post":[],"jnews_primary_category":[],"_joinchat":[],"footnotes":""},"categories":[78,76,77],"tags":[],"class_list":["post-3728","post","type-post","status-publish","format-standard","has-post-thumbnail","hentry","category-economia-popular","category-salud-comunitaria","category-soberania"],"_links":{"self":[{"href":"http:\/\/fmriachuelo.it10.com.ar\/index.php\/wp-json\/wp\/v2\/posts\/3728","targetHints":{"allow":["GET"]}}],"collection":[{"href":"http:\/\/fmriachuelo.it10.com.ar\/index.php\/wp-json\/wp\/v2\/posts"}],"about":[{"href":"http:\/\/fmriachuelo.it10.com.ar\/index.php\/wp-json\/wp\/v2\/types\/post"}],"author":[{"embeddable":true,"href":"http:\/\/fmriachuelo.it10.com.ar\/index.php\/wp-json\/wp\/v2\/users\/4"}],"replies":[{"embeddable":true,"href":"http:\/\/fmriachuelo.it10.com.ar\/index.php\/wp-json\/wp\/v2\/comments?post=3728"}],"version-history":[{"count":0,"href":"http:\/\/fmriachuelo.it10.com.ar\/index.php\/wp-json\/wp\/v2\/posts\/3728\/revisions"}],"wp:featuredmedia":[{"embeddable":true,"href":"http:\/\/fmriachuelo.it10.com.ar\/index.php\/wp-json\/"}],"wp:attachment":[{"href":"http:\/\/fmriachuelo.it10.com.ar\/index.php\/wp-json\/wp\/v2\/media?parent=3728"}],"wp:term":[{"taxonomy":"category","embeddable":true,"href":"http:\/\/fmriachuelo.it10.com.ar\/index.php\/wp-json\/wp\/v2\/categories?post=3728"},{"taxonomy":"post_tag","embeddable":true,"href":"http:\/\/fmriachuelo.it10.com.ar\/index.php\/wp-json\/wp\/v2\/tags?post=3728"}],"curies":[{"name":"wp","href":"https:\/\/api.w.org\/{rel}","templated":true}]}}