{"id":3712,"date":"2017-02-17T03:20:04","date_gmt":"2017-02-17T03:20:04","guid":{"rendered":"http:\/\/fmriachuelo.com.ar\/ljkjklj\/?p=3712"},"modified":"2017-02-17T03:20:04","modified_gmt":"2017-02-17T03:20:04","slug":"combativo-plenario-de-la-confederacion-de-trabajadores-de-la-economia-popular-ctep","status":"publish","type":"post","link":"http:\/\/fmriachuelo.it10.com.ar\/index.php\/2017\/02\/17\/combativo-plenario-de-la-confederacion-de-trabajadores-de-la-economia-popular-ctep\/","title":{"rendered":"COMBATIVO PLENARIO DE LA CONFEDERACI\u00d3N DE TRABAJADORES DE LA ECONOM\u00cdA POPULAR (CTEP)"},"content":{"rendered":"<p><img loading=\"lazy\" decoding=\"async\" class=\"size-medium wp-image-3714 alignleft\" src=\"http:\/\/fmriachuelo.com.ar\/ljkjklj\/wp-content\/uploads\/2017\/02\/schmid-300x225.jpg\" alt=\"\" width=\"300\" height=\"225\" \/>[Resistir y Luchar* 16\/02\/2017] Este jueves, se realiz\u00f3 un vibrante y combativo Plenario Nacional de la Central de Trabajadores de la Econom\u00eda Popular (CTEP), donde adem\u00e1s de criticarse el plan de ajuste que est\u00e1 llevando a cabo el gobierno de Mauricio Macri, con su consecuencia de despidos, alta inflaci\u00f3n, rebaja de salarios y de jubilaciones, represi\u00f3n y criminalizaci\u00f3n de la protesta, se plante\u00f3 la necesidad de redoblar las movilizaciones en la calle para presionar a quienes \u201cembisten contra el pueblo\u201d. Por lo pronto, se convoc\u00f3 el 7 de marzo a una gran movilizacion junto a la CGT y el 8 apoyo al Paro Mundial de Mujeres. El plan de lucha que la CTEP impulsa para el mes de marzo incluye tambi\u00e9n una actividad\u00a0por Tierra, Techo y Trabajo el 13 de marzo a Plaza de Mayo. Y una movilizaci\u00f3n de apoyo a Lito Borello y la Organizaci\u00f3n Los Pibes que, en el contexto de persecuci\u00f3n a las organizaciones populares, enfrentan junto a Luis D\u00b4El\u00eda y Luis Bord\u00f3n el juicio oral por la toma de la comisar\u00eda 24 de La Boca tras el asesinato del Oso Cisneros en el a\u00f1o 2004.<\/p>\n<p>En el transcurso del plenario se escucharon distintas voces de luchadores y luchadoras de todo el pa\u00eds, entre ellas la del secretario general de la CTEP, Est\u00e9ban \u201cGringo\u201d Castro, del hist\u00f3rico dirigente de la Uni\u00f3n de Trabajadores Desocupados de General Mosconi, Salta, Jos\u00e9 \u201cPepino\u201d Fern\u00e1ndez, el dirigente de los pescadores artesanales de Entre Rios, Juan Carlos S\u00e1nchez, y muchos otros. Tambi\u00e9n fue relevante en las distintas ramas de los trabajadores de la econom\u00eda popular las denuncias a las distintas formas de persecuci\u00f3n que vienen sufriendo las organizaciones y los trabajadores. Entre ellas se destac\u00f3 la de Rodolfo Morales, de Coopechas, que sufri\u00f3 en Punta Indio tres allanamientos simultaneos a partir de una denuncia de dudosa fundamentaci\u00f3n.<\/p>\n<p>Un apartado especial fue escuchar la voz del dirigente del triunvirato de la CGT, Juan Carlos Schmid, quien celebr\u00f3 la convergencia entre ambas entidades sindicales para golpear juntos a la ofensiva neoliberal del actual gobierno.<\/p>\n<p>Tambi\u00e9n expusieron sus reivindicaciones y convocaron a sumarse a la huelga general (mundial) de mujeres del 8 de marzo pr\u00f3ximo, un nucleo importante de compa\u00f1eras de la CTEP, fogueadas en las luchas callejeras. Todas ellas advirtieron sobre lo que est\u00e1 ocurriendo con temas tan sangrantes como la violencia machista y el patriarcado.<\/p>\n<p><img loading=\"lazy\" decoding=\"async\" class=\"aligncenter wp-image-3715 size-large\" src=\"http:\/\/fmriachuelo.com.ar\/ljkjklj\/wp-content\/uploads\/2017\/02\/juanca-1024x768.jpg\" width=\"640\" height=\"480\" \/><\/p>\n<p>En un momento importante del Plenario, el secretario general de la CTEP anunci\u00f3 la formaci\u00f3n de la Secretaria de Derechos Humanos de la entidad sindical, y el nombramiento para ese importante cargo de Lito Borello, de la Organizaci\u00f3n Los Pibes y referente de la Corriente gremial 19 y 20 de la CTEP.<\/p>\n<p>Borello agradeci\u00f3 el cargo y convoc\u00f3 a unir fuerzas para luchar contra la represi\u00f3n y la criminilizacion de la protesta. Tambi\u00e9n ponder\u00f3 el rol que est\u00e1n jugando las mujeres como nuevo sujeto de la movilizaci\u00f3n popular, y advirti\u00f3 que es necesario defender a \u201cnuestros pibes\u201d a los que el gobierno macrista quiere penalizar o condenar.<\/p>\n<p><img loading=\"lazy\" decoding=\"async\" class=\"aligncenter wp-image-3716 size-large\" src=\"http:\/\/fmriachuelo.com.ar\/ljkjklj\/wp-content\/uploads\/2017\/02\/negro-1024x768.jpg\" width=\"640\" height=\"480\" \/><\/p>\n<p>*Producci\u00f3n en unidad: FM Riachuelo, Resumen Latinoamericano, Revista Venceremos<\/p>\n","protected":false},"excerpt":{"rendered":"<p>[Resistir y Luchar* 16\/02\/2017] Este jueves, se realiz\u00f3 un vibrante y combativo Plenario Nacional de la Central de Trabajadores de la Econom\u00eda Popular (CTEP), donde adem\u00e1s de criticarse el plan de ajuste que est\u00e1 llevando a cabo el gobierno de Mauricio Macri, con su consecuencia de despidos, alta inflaci\u00f3n, rebaja de salarios y de jubilaciones, [&hellip;]<\/p>\n","protected":false},"author":4,"featured_media":3713,"comment_status":"open","ping_status":"open","sticky":false,"template":"","format":"standard","meta":{"_monsterinsights_skip_tracking":false,"_monsterinsights_sitenote_active":false,"_monsterinsights_sitenote_note":"","_monsterinsights_sitenote_category":0,"jnews-multi-image_gallery":[],"jnews_single_post":[],"jnews_primary_category":[],"_joinchat":[],"footnotes":""},"categories":[76,75],"tags":[],"class_list":["post-3712","post","type-post","status-publish","format-standard","has-post-thumbnail","hentry","category-salud-comunitaria","category-trabajo"],"_links":{"self":[{"href":"http:\/\/fmriachuelo.it10.com.ar\/index.php\/wp-json\/wp\/v2\/posts\/3712","targetHints":{"allow":["GET"]}}],"collection":[{"href":"http:\/\/fmriachuelo.it10.com.ar\/index.php\/wp-json\/wp\/v2\/posts"}],"about":[{"href":"http:\/\/fmriachuelo.it10.com.ar\/index.php\/wp-json\/wp\/v2\/types\/post"}],"author":[{"embeddable":true,"href":"http:\/\/fmriachuelo.it10.com.ar\/index.php\/wp-json\/wp\/v2\/users\/4"}],"replies":[{"embeddable":true,"href":"http:\/\/fmriachuelo.it10.com.ar\/index.php\/wp-json\/wp\/v2\/comments?post=3712"}],"version-history":[{"count":0,"href":"http:\/\/fmriachuelo.it10.com.ar\/index.php\/wp-json\/wp\/v2\/posts\/3712\/revisions"}],"wp:featuredmedia":[{"embeddable":true,"href":"http:\/\/fmriachuelo.it10.com.ar\/index.php\/wp-json\/"}],"wp:attachment":[{"href":"http:\/\/fmriachuelo.it10.com.ar\/index.php\/wp-json\/wp\/v2\/media?parent=3712"}],"wp:term":[{"taxonomy":"category","embeddable":true,"href":"http:\/\/fmriachuelo.it10.com.ar\/index.php\/wp-json\/wp\/v2\/categories?post=3712"},{"taxonomy":"post_tag","embeddable":true,"href":"http:\/\/fmriachuelo.it10.com.ar\/index.php\/wp-json\/wp\/v2\/tags?post=3712"}],"curies":[{"name":"wp","href":"https:\/\/api.w.org\/{rel}","templated":true}]}}