{"id":371,"date":"2015-06-12T14:12:00","date_gmt":"2015-06-12T14:12:00","guid":{"rendered":"http:\/\/fmriachuelo.observatorioess.org.ar\/index.php\/2015\/06\/12\/10-de-junio-dia-de-la-reafirmacion-de-los-derechos-soberanos-sobre-malvinas\/"},"modified":"2025-04-01T15:13:00","modified_gmt":"2025-04-01T18:13:00","slug":"10-de-junio-dia-de-la-reafirmacion-de-los-derechos-soberanos-sobre-malvinas","status":"publish","type":"post","link":"http:\/\/fmriachuelo.it10.com.ar\/index.php\/2015\/06\/12\/10-de-junio-dia-de-la-reafirmacion-de-los-derechos-soberanos-sobre-malvinas\/","title":{"rendered":"10 DE JUNIO DIA DE LA REAFIRMACI\u00d3N DE LOS DERECHOS SOBERANOS SOBRE MALVINAS"},"content":{"rendered":"<p><span style=\"color: red;font-family: Verdana, sans-serif;font-size: large\"><strong>&nbsp;NO OLVIDAR: \u00a1MALVINAS ARGENTINAS!<\/strong><\/span><br \/><strong><span style=\"color: red;font-family: Verdana;font-size: large\"><\/span><\/strong><\/p>\n<div style=\"clear: both;text-align: center\"><\/div>\n<div style=\"clear: both;text-align: center\"><a href=\"http:\/\/2.bp.blogspot.com\/-hDb2W9tvgfE\/VXroe5JwnoI\/AAAAAAAAEss\/KaqDeuME03w\/s1600\/10juniomalvinas.jpg\" style=\"clear: left;float: left;margin-bottom: 1em;margin-right: 1em\"><img decoding=\"async\" border=\"0\" src=\"http:\/\/2.bp.blogspot.com\/-hDb2W9tvgfE\/VXroe5JwnoI\/AAAAAAAAEss\/KaqDeuME03w\/s1600\/10juniomalvinas.jpg\" \/><\/a><\/div>\n<div style=\"text-align: justify\"><span style=\"font-family: Verdana, sans-serif\">El 10 de junio de 1829 se nombra al primer gobernador pol\u00edtico y militar de las Islas Malvinas, Don Luis Vernet. Por ello, es el d\u00eda de la Reafirmaci\u00f3n de los Derechos sobre las Islas Malvinas, Islas del Atl\u00e1ntico Sur y del Sector Ant\u00e1rtico.<\/p>\n<p>Es tambi\u00e9n el 10 de junio, una fecha importante en la historia, pero de 1770. En esa fecha los espa\u00f1oles expulsan a los ingleses que se establec\u00edan en una de las islas de la Gran Malvina.&nbsp; <\/span><\/div>\n<div style=\"text-align: justify\"><span style=\"font-family: Verdana\"><\/span>&nbsp;<\/div>\n<div style=\"text-align: justify\"><span style=\"font-family: Verdana, sans-serif\"><a name='more'><\/a><br \/>El 10 de junio de 1829, se dicta el decreto que lo hace a Vernet gobernador pol\u00edtico y militar de las Islas Malvinas, cargo que \u00e9l hab\u00eda pedido tiempo atr\u00e1s.  Tambi\u00e9n le env\u00edan desde Buenos Aires, armamento para hacer cumplir las \u00f3rdenes en la regi\u00f3n.<\/p>\n<p>Apenas conocido el decreto, Mr. Woodbine Parish, encargado de negocios de S.M.B., se apresur\u00f3 a comunicarlo a su gobierno, el cual le orden\u00f3 reclamar contra una medida administrativa que atacaba los \u00abderechos de soberan\u00eda ejercidos hasta entonces por la corona brit\u00e1nica\u00bb. La protesta formal data del 19 de noviembre. Al acusar recibo, el general Guido, ministro de relaciones exteriores, manifest\u00f3 que el gobierno provisional estaba muy ocupado en considerar \u00abcon particular atenci\u00f3n\u00bb la nota enviada. Una semana despu\u00e9s el reclamo ya se hab\u00eda olvidado.<\/p>\n<p>Ese mismo 10 de junio, Don Mart\u00edn Rodriguez (Gobernador de Bs. As.), dicta el siguiente decreto:<\/p>\n<p>\u00abCuando por la gloriosa Revoluci\u00f3n de Mayo del 25 de Mayo de 1810, se separaron estas provincias de la dominaci\u00f3n de la Metr\u00f3poli, Espa\u00f1a, la Espa\u00f1a ten\u00eda una posesi\u00f3n material en las Islas Malvinas y de todas las dem\u00e1s islas que las rodean hasta el Cabo de Hornos; incluso, la que se conoce como la Tierra del Fuego; hall\u00e1ndose justificada y documentada aquella posesi\u00f3n por el derecho del primer ocupante, por el consentimiento de las primeras portencias mar\u00edtimas de Europa, y por la adyacencia de estas islas al continente que formaba el Virreinato de Buenos Aires, de cuyo gobierno depend\u00edan por esta raz\u00f3n habiendo entrado al gobierno de la Rep\u00fablica Argentina en la sucesi\u00f3n de todos los derechos que ten\u00eda sobre todas las provincias la antigua Metr\u00f3poli, Espa\u00f1a, y de que gozaban sus virreyes; habiendo seguido ejerciendo actos de soberan\u00eda y dominio en dichas islas, sus puertos y costas; a pesar de que aquellas circustancias no han permitido hasta ahora dar a aquella parte del territorio de la Rep\u00fablica Argentina, la atenci\u00f3n y cuidados que su importancia exigen; pero siendo necesario no demorar por m\u00e1s tiempo las medidas que puedan poner a cubierto los derechos de la Rep\u00fablica Argentina, haci\u00e9ndose al mismo tiempo, gozar de las ventajas que puedan dar los productos de aquellas islas, y que, asegurando la protecci\u00f3n debida a su poblaci\u00f3n; el gobierno de la Rep\u00fablica Argentina, en mi representaci\u00f3n, ha acordado y decreta:<\/p>\n<p>Art. 1: Las Islas Malvinas y las adyacentes al Cabo de Hornos, en el Mar Atl\u00e1ntico, ser\u00e1n regidas por un comandante pol\u00edtico y militar, nombrado inmediatamente por el gobierno de la Rep\u00fablica Argentina.<\/span><br \/><span style=\"font-family: Verdana, sans-serif\">Art. 2: La residencia del comandante pol\u00edtico y militar ser\u00e1 en la Isla de la Soledad, y en ella se establecer\u00e1 una bater\u00eda bajo nuestro pabell\u00f3n.<\/p>\n<p>Art. 3: El comandante pol\u00edtico y militar har\u00e1 observar por la poblaci\u00f3n de dichas islas, las leyes de la Rep\u00fablica Argentina, y cuidar\u00e1 en sus costas de la ejecuci\u00f3n de los reglamentos sobre la pesca de anfibios.<\/p>\n<p>Art. 4: Comun\u00edquese y publ\u00edquese.<\/span><br \/><span style=\"font-family: Verdana, sans-serif\">Es tambi\u00e9n un hecho destacable en la historia, lo sucedido el 10 de junio de 1770.<\/p>\n<p> El 19 de febrero de 1770, la expedici\u00f3n espa\u00f1ola de Montevideo, comandada por Madariaga, lleg\u00f3 al Puerto de la Cruzada, y tras una descort\u00e9s entrevista con Antony Hunt (comandante ingl\u00e9s), se retir\u00f3 nuevamente a Montevideo.<\/p>\n<p> En la entrevista, el comandante espa\u00f1ol dirigi\u00f3 al ingl\u00e9s una protesta por la usurpaci\u00f3n, a lo cual el aludido, le respondi\u00f3 que \u00abestas islas pertenecen a Su Majestad Brit\u00e1nica por derecho de descubrimiento\u00bb, y que estaba all\u00ed para protegerlas.<\/p>\n<p> M\u00e1s tarde, se activaron los preparativos para la expedici\u00f3n armada a \u00abPuerto Egmont\u00bb, la cual parti\u00f3 de Montevideo el 8 de mayo, al mando de Madariaga. Se compon\u00eda de cinco fragatas, alrededor de mil quinientos hombres y tren de artiller\u00eda.<\/p>\n<p> La guarnici\u00f3n inglesa estaba reducida a la corbeta Favourite, cuando los nav\u00edos espa\u00f1oles arribaron el 8 de junio. Los ingleses no se resistieron, entregaron las islas y firmaron una capitulaci\u00f3n, donde los soldados y dem\u00e1s s\u00fabditos deb\u00edan abandonar las islas.<\/p>\n<p> Retirados los ingleses, el estupor y la c\u00f3lera se acrecentaron cuando la corbeta inglesa lleg\u00f3 a Londres.<\/p>\n<p> Ambos pa\u00edses se preparaban para una guerra que parec\u00eda inevitable.<\/p>\n<p> Cabe aclarar que el \u00fanico establecimiento que Inglaterra posey\u00f3, no se encontraba en la Gran Malvina, sino en el islote Saunders, al noroeste de las dos grandes islas.<\/p>\n<p> El 16 de agosto Espa\u00f1a para no entrar en guerra con los ingleses entrega nuevamente el fuerte al capit\u00e1n del nav\u00edo Juno, donde volvieron a establecerse los ingleses, para luego abandonarlas definitivamente en 1774. Luego, en 1833, los brit\u00e1nicos usurpan las Islas Malvinas, pero ya no a Espa\u00f1a, sino a la nueva Naci\u00f3n, Argentina.<\/p>\n<p> Pero eso, es otra historia.<\/p>\n<p> <\/span><span>Informe recopilado por Patricio A. Mendiondo, Director de El Malvinense, <\/span><\/div>\n<div style=\"text-align: justify\"><span>Producci\u00f3n Riachuelo<\/span><\/div>\n","protected":false},"excerpt":{"rendered":"<p>&nbsp;NO OLVIDAR: \u00a1MALVINAS ARGENTINAS! El 10 de junio de 1829 se nombra al primer gobernador pol\u00edtico y militar de las Islas Malvinas, Don Luis Vernet. Por ello, es el d\u00eda de la Reafirmaci\u00f3n de los Derechos sobre las Islas Malvinas, Islas del Atl\u00e1ntico Sur y del Sector Ant\u00e1rtico. Es tambi\u00e9n el 10 de junio, una [&hellip;]<\/p>\n","protected":false},"author":4,"featured_media":0,"comment_status":"open","ping_status":"open","sticky":false,"template":"","format":"standard","meta":{"_monsterinsights_skip_tracking":false,"_monsterinsights_sitenote_active":false,"_monsterinsights_sitenote_note":"","_monsterinsights_sitenote_category":0,"jnews-multi-image_gallery":[],"jnews_single_post":{"format":"standard"},"jnews_primary_category":[],"_joinchat":[],"footnotes":""},"categories":[58],"tags":[71,167,65],"class_list":["post-371","post","type-post","status-publish","format-standard","hentry","category-noticiariachuelo","tag-de-la-tierra","tag-politica-internacional","tag-soberania"],"_links":{"self":[{"href":"http:\/\/fmriachuelo.it10.com.ar\/index.php\/wp-json\/wp\/v2\/posts\/371","targetHints":{"allow":["GET"]}}],"collection":[{"href":"http:\/\/fmriachuelo.it10.com.ar\/index.php\/wp-json\/wp\/v2\/posts"}],"about":[{"href":"http:\/\/fmriachuelo.it10.com.ar\/index.php\/wp-json\/wp\/v2\/types\/post"}],"author":[{"embeddable":true,"href":"http:\/\/fmriachuelo.it10.com.ar\/index.php\/wp-json\/wp\/v2\/users\/4"}],"replies":[{"embeddable":true,"href":"http:\/\/fmriachuelo.it10.com.ar\/index.php\/wp-json\/wp\/v2\/comments?post=371"}],"version-history":[{"count":1,"href":"http:\/\/fmriachuelo.it10.com.ar\/index.php\/wp-json\/wp\/v2\/posts\/371\/revisions"}],"predecessor-version":[{"id":23548,"href":"http:\/\/fmriachuelo.it10.com.ar\/index.php\/wp-json\/wp\/v2\/posts\/371\/revisions\/23548"}],"wp:attachment":[{"href":"http:\/\/fmriachuelo.it10.com.ar\/index.php\/wp-json\/wp\/v2\/media?parent=371"}],"wp:term":[{"taxonomy":"category","embeddable":true,"href":"http:\/\/fmriachuelo.it10.com.ar\/index.php\/wp-json\/wp\/v2\/categories?post=371"},{"taxonomy":"post_tag","embeddable":true,"href":"http:\/\/fmriachuelo.it10.com.ar\/index.php\/wp-json\/wp\/v2\/tags?post=371"}],"curies":[{"name":"wp","href":"https:\/\/api.w.org\/{rel}","templated":true}]}}