{"id":3708,"date":"2017-02-16T02:11:58","date_gmt":"2017-02-16T02:11:58","guid":{"rendered":"http:\/\/fmriachuelo.com.ar\/ljkjklj\/?p=3708"},"modified":"2017-02-16T02:11:58","modified_gmt":"2017-02-16T02:11:58","slug":"hacia-el-plenario-nacional-de-la-ctep","status":"publish","type":"post","link":"http:\/\/fmriachuelo.it10.com.ar\/index.php\/2017\/02\/16\/hacia-el-plenario-nacional-de-la-ctep\/","title":{"rendered":"HACIA EL PLENARIO NACIONAL DE LA CTEP"},"content":{"rendered":"<p>[FM Riachuelo 15\/02\/2017]\u00a0Esta tarde en Romp\u00e9 el Cerco Informativo (L a V de 18 a 19 hs) conversamos con Lito Borello, referente de la Mesa Gremial 19 y 20, con motivo del Plenario Nacional de la Confederaci\u00f3n de los Trabajadores de la Econom\u00eda Popular (CTEP) que se desarrollar\u00e1 durante toda la jornada de ma\u00f1ana en la sede de Constituci\u00f3n de la CTEP.<\/p>\n<p>En la entrevista, Borello caracteriz\u00f3 el contexto pol\u00edtico y social en el que se produce la convocatoria al Plenario y expres\u00f3 la preocupaci\u00f3n en las organizaciones sobre el atraso en la implementaci\u00f3n de la Ley de Emergencia Social: \u00abel gobierno no tiene la voluntad pol\u00edtica de aplicar esta ley que se conquist\u00f3 en la calle. Si la ley no avanza tendremos que desde la calle, junto con todo el movimiento popular, volver a conquistar su definitiva aplicaci\u00f3n\u00bb.<\/p>\n<p>El referente de la CTEP, tambi\u00e9n destac\u00f3 como un tema relevante para el Plenario la denuncia de las situaciones de persecuci\u00f3n que vienen sufriendo, de distintas formas, diversas organizaciones que vienen planteando una actitud de lucha desde las reivindicaciones de la Econom\u00eda Popular: \u00abest\u00e1 claro que el gobierno necesita criminalizar la protesta para tratar de impedir que los sectores populares salgan a la calle a reclamar\u00bb.<\/p>\n","protected":false},"excerpt":{"rendered":"<p>[FM Riachuelo 15\/02\/2017]\u00a0Esta tarde en Romp\u00e9 el Cerco Informativo (L a V de 18 a 19 hs) conversamos con Lito Borello, referente de la Mesa Gremial 19 y 20, con motivo del Plenario Nacional de la Confederaci\u00f3n de los Trabajadores de la Econom\u00eda Popular (CTEP) que se desarrollar\u00e1 durante toda la jornada de ma\u00f1ana en [&hellip;]<\/p>\n","protected":false},"author":4,"featured_media":3709,"comment_status":"open","ping_status":"open","sticky":false,"template":"","format":"standard","meta":{"_monsterinsights_skip_tracking":false,"_monsterinsights_sitenote_active":false,"_monsterinsights_sitenote_note":"","_monsterinsights_sitenote_category":0,"jnews-multi-image_gallery":[],"jnews_single_post":[],"jnews_primary_category":[],"_joinchat":[],"footnotes":""},"categories":[76,75],"tags":[],"class_list":["post-3708","post","type-post","status-publish","format-standard","has-post-thumbnail","hentry","category-salud-comunitaria","category-trabajo"],"_links":{"self":[{"href":"http:\/\/fmriachuelo.it10.com.ar\/index.php\/wp-json\/wp\/v2\/posts\/3708","targetHints":{"allow":["GET"]}}],"collection":[{"href":"http:\/\/fmriachuelo.it10.com.ar\/index.php\/wp-json\/wp\/v2\/posts"}],"about":[{"href":"http:\/\/fmriachuelo.it10.com.ar\/index.php\/wp-json\/wp\/v2\/types\/post"}],"author":[{"embeddable":true,"href":"http:\/\/fmriachuelo.it10.com.ar\/index.php\/wp-json\/wp\/v2\/users\/4"}],"replies":[{"embeddable":true,"href":"http:\/\/fmriachuelo.it10.com.ar\/index.php\/wp-json\/wp\/v2\/comments?post=3708"}],"version-history":[{"count":0,"href":"http:\/\/fmriachuelo.it10.com.ar\/index.php\/wp-json\/wp\/v2\/posts\/3708\/revisions"}],"wp:featuredmedia":[{"embeddable":true,"href":"http:\/\/fmriachuelo.it10.com.ar\/index.php\/wp-json\/"}],"wp:attachment":[{"href":"http:\/\/fmriachuelo.it10.com.ar\/index.php\/wp-json\/wp\/v2\/media?parent=3708"}],"wp:term":[{"taxonomy":"category","embeddable":true,"href":"http:\/\/fmriachuelo.it10.com.ar\/index.php\/wp-json\/wp\/v2\/categories?post=3708"},{"taxonomy":"post_tag","embeddable":true,"href":"http:\/\/fmriachuelo.it10.com.ar\/index.php\/wp-json\/wp\/v2\/tags?post=3708"}],"curies":[{"name":"wp","href":"https:\/\/api.w.org\/{rel}","templated":true}]}}