{"id":370,"date":"2015-06-12T14:19:00","date_gmt":"2015-06-12T14:19:00","guid":{"rendered":"http:\/\/fmriachuelo.observatorioess.org.ar\/index.php\/2015\/06\/12\/santa-fe-ocampo-norte\/"},"modified":"2025-04-01T15:14:17","modified_gmt":"2025-04-01T18:14:17","slug":"santa-fe-ocampo-norte","status":"publish","type":"post","link":"http:\/\/fmriachuelo.it10.com.ar\/index.php\/2015\/06\/12\/santa-fe-ocampo-norte\/","title":{"rendered":"SANTA FE: OCAMPO NORTE"},"content":{"rendered":"<p><span style=\"color: red;font-family: Verdana, sans-serif;font-size: large\"><strong>UNA NUEVA EMBESTIDA POR LA TIERRA<\/strong><\/span><br \/><span style=\"font-family: Verdana, sans-serif;font-size: large\">\u201cPor la lucha de la tierra\u201d: Obreros del Surco<\/span> <\/p>\n<div style=\"clear: both;text-align: center\"><a href=\"http:\/\/4.bp.blogspot.com\/-m622X7z4vvg\/VXrpah9kNiI\/AAAAAAAAEs0\/IPq78xMKVzQ\/s1600\/OBREROS%2BDEL%2BSURCO.jpg\" style=\"clear: left;float: left;margin-bottom: 1em;margin-right: 1em\"><img loading=\"lazy\" decoding=\"async\" border=\"0\" height=\"213\" src=\"http:\/\/4.bp.blogspot.com\/-m622X7z4vvg\/VXrpah9kNiI\/AAAAAAAAEs0\/IPq78xMKVzQ\/s320\/OBREROS%2BDEL%2BSURCO.jpg\" width=\"320\" \/><\/a><\/div>\n<div style=\"text-align: justify\"><span style=\"font-family: Verdana, sans-serif\">En la madrugada del d\u00eda 9 de junio de 2015 Carlos Javier Guzm\u00e1n, integrante de la organizaci\u00f3n Obreros del Surco, quien tiene su producci\u00f3n en la zona rural de la localidad de San Antonio de Obligado, se encontr\u00f3 con su rancho quemado.<\/p>\n<p>Al momento del incendio, el compa\u00f1ero se encontraba en Ocampo Norte acompa\u00f1ando a Juan Ver\u00f3n que desde el 05 de junio defiende la parcela que habita desde hace 42 a\u00f1os de matones que a fuerza de armas de fuego intentan forzar el desalojo.<\/span><\/div>\n<p><span style=\"font-family: Verdana, sans-serif\"><\/span><a name='more'><\/a><span style=\"font-family: Verdana, sans-serif\"><br \/>Carlos Guzm\u00e1n, naci\u00f3 en Las Toscas, y desde el a\u00f1o 2010 junto con otros j\u00f3venes ocupa una parte de tierras del ferrocarril para llevar adelante la producci\u00f3n de huertas, donde siembran batata, zapallos y mandiocas, de manera agroecol\u00f3gica, garantizando productos sanos, sin la utilizaci\u00f3n de agroqu\u00edmicos.<\/p>\n<p> Ante los hechos mencionados, Obreros del Surco hacen p\u00fablica la denuncia y dan a conocer los mecanismos de amenaza que se realizan cuando se quiere hacer cumplir derechos de los campesinos, trabajadores de la tierra.&nbsp;<\/span><br \/><span style=\"font-family: Verdana, sans-serif\"><br \/><span style=\"font-size: x-small\">Contactos: Jos\u00e9 Luis Castillo: 3482 &#8211; 539156<\/span><\/p>\n<p><span style=\"color: blue\">Fuente: Obreros del Surco, Producci\u00f3n Riachuelo<\/span><\/p>\n<p><\/span><\/p>\n","protected":false},"excerpt":{"rendered":"<p>UNA NUEVA EMBESTIDA POR LA TIERRA\u201cPor la lucha de la tierra\u201d: Obreros del Surco En la madrugada del d\u00eda 9 de junio de 2015 Carlos Javier Guzm\u00e1n, integrante de la organizaci\u00f3n Obreros del Surco, quien tiene su producci\u00f3n en la zona rural de la localidad de San Antonio de Obligado, se encontr\u00f3 con su rancho [&hellip;]<\/p>\n","protected":false},"author":4,"featured_media":0,"comment_status":"open","ping_status":"open","sticky":false,"template":"","format":"standard","meta":{"_monsterinsights_skip_tracking":false,"_monsterinsights_sitenote_active":false,"_monsterinsights_sitenote_note":"","_monsterinsights_sitenote_category":0,"jnews-multi-image_gallery":[],"jnews_single_post":{"format":"standard"},"jnews_primary_category":[],"_joinchat":[],"footnotes":""},"categories":[58],"tags":[71,156],"class_list":["post-370","post","type-post","status-publish","format-standard","hentry","category-noticiariachuelo","tag-de-la-tierra","tag-tierra-techo-y-trabajo"],"_links":{"self":[{"href":"http:\/\/fmriachuelo.it10.com.ar\/index.php\/wp-json\/wp\/v2\/posts\/370","targetHints":{"allow":["GET"]}}],"collection":[{"href":"http:\/\/fmriachuelo.it10.com.ar\/index.php\/wp-json\/wp\/v2\/posts"}],"about":[{"href":"http:\/\/fmriachuelo.it10.com.ar\/index.php\/wp-json\/wp\/v2\/types\/post"}],"author":[{"embeddable":true,"href":"http:\/\/fmriachuelo.it10.com.ar\/index.php\/wp-json\/wp\/v2\/users\/4"}],"replies":[{"embeddable":true,"href":"http:\/\/fmriachuelo.it10.com.ar\/index.php\/wp-json\/wp\/v2\/comments?post=370"}],"version-history":[{"count":1,"href":"http:\/\/fmriachuelo.it10.com.ar\/index.php\/wp-json\/wp\/v2\/posts\/370\/revisions"}],"predecessor-version":[{"id":23550,"href":"http:\/\/fmriachuelo.it10.com.ar\/index.php\/wp-json\/wp\/v2\/posts\/370\/revisions\/23550"}],"wp:attachment":[{"href":"http:\/\/fmriachuelo.it10.com.ar\/index.php\/wp-json\/wp\/v2\/media?parent=370"}],"wp:term":[{"taxonomy":"category","embeddable":true,"href":"http:\/\/fmriachuelo.it10.com.ar\/index.php\/wp-json\/wp\/v2\/categories?post=370"},{"taxonomy":"post_tag","embeddable":true,"href":"http:\/\/fmriachuelo.it10.com.ar\/index.php\/wp-json\/wp\/v2\/tags?post=370"}],"curies":[{"name":"wp","href":"https:\/\/api.w.org\/{rel}","templated":true}]}}