{"id":3699,"date":"2017-02-10T17:01:10","date_gmt":"2017-02-10T17:01:10","guid":{"rendered":"http:\/\/fmriachuelo.com.ar\/ljkjklj\/?p=3699"},"modified":"2017-02-10T17:01:10","modified_gmt":"2017-02-10T17:01:10","slug":"ctep-entre-rios-trabajo-solidario-evaluacion-y-consecuencias","status":"publish","type":"post","link":"http:\/\/fmriachuelo.it10.com.ar\/index.php\/2017\/02\/10\/ctep-entre-rios-trabajo-solidario-evaluacion-y-consecuencias\/","title":{"rendered":"CTEP ENTRE RIOS: TRABAJO SOLIDARIO, EVALUACI\u00d3N Y CONSECUENCIAS"},"content":{"rendered":"<p>[FM Riachuelo 10\/02\/17] El pasado fin de semana trabajadores de la econom\u00eda popular, nucleados en la <strong>CTEP, Mesa 19 y 20<\/strong>, realizaron una actividad solidaria en la delegaci\u00f3n La Paz, Entre Rios de la CTEP. \u00a0En di\u00e1logo con <span style=\"color: #ff0000\"><strong>Romp\u00e9 el Cerco Informativo<\/strong><\/span>, \u00a0Juan Carlos Sanchez, referente del lugar, hizo una evaluaci\u00f3n del trabajo colectivo del fin de semana y relat\u00f3 las instancias judiciales que se hallan transitando, para lograr un acuerdo por las tierras que se vieron obligados a ocupar, cuando el gobierno del lugar no . Al mismo tiempo relat\u00f3 la ausencia del estado que se ha desentendido de las familias, con una gran cantidad de ni\u00f1os. Escuchalo a continuaci\u00f3n:<\/p>\n<p>M\u00e1s de 30 familias que habitaban en la ribera del rio Paran\u00e1, debieron abandonar su lugar de residencia, \u00a0por las continuas inundaciones, y ocupar un predio y fundar el barrio Papa Francisco, en donde se alojan en condiciones de extrema precariedad sin las m\u00ednimas condiciones de subsistencia digna: falta el agua y la luz. Una brigada solidaria se acerc\u00f3 a trabajar para acondicionar el territorio\u00a0y levantar un lugar de encuentro colectivo.<\/p>\n","protected":false},"excerpt":{"rendered":"<p>[FM Riachuelo 10\/02\/17] El pasado fin de semana trabajadores de la econom\u00eda popular, nucleados en la CTEP, Mesa 19 y 20, realizaron una actividad solidaria en la delegaci\u00f3n La Paz, Entre Rios de la CTEP. \u00a0En di\u00e1logo con Romp\u00e9 el Cerco Informativo, \u00a0Juan Carlos Sanchez, referente del lugar, hizo una evaluaci\u00f3n del trabajo colectivo del [&hellip;]<\/p>\n","protected":false},"author":4,"featured_media":3700,"comment_status":"open","ping_status":"open","sticky":false,"template":"","format":"standard","meta":{"_monsterinsights_skip_tracking":false,"_monsterinsights_sitenote_active":false,"_monsterinsights_sitenote_note":"","_monsterinsights_sitenote_category":0,"jnews-multi-image_gallery":[],"jnews_single_post":[],"jnews_primary_category":[],"_joinchat":[],"footnotes":""},"categories":[76,74,75],"tags":[],"class_list":["post-3699","post","type-post","status-publish","format-standard","has-post-thumbnail","hentry","category-salud-comunitaria","category-san-cayetano","category-trabajo"],"_links":{"self":[{"href":"http:\/\/fmriachuelo.it10.com.ar\/index.php\/wp-json\/wp\/v2\/posts\/3699","targetHints":{"allow":["GET"]}}],"collection":[{"href":"http:\/\/fmriachuelo.it10.com.ar\/index.php\/wp-json\/wp\/v2\/posts"}],"about":[{"href":"http:\/\/fmriachuelo.it10.com.ar\/index.php\/wp-json\/wp\/v2\/types\/post"}],"author":[{"embeddable":true,"href":"http:\/\/fmriachuelo.it10.com.ar\/index.php\/wp-json\/wp\/v2\/users\/4"}],"replies":[{"embeddable":true,"href":"http:\/\/fmriachuelo.it10.com.ar\/index.php\/wp-json\/wp\/v2\/comments?post=3699"}],"version-history":[{"count":0,"href":"http:\/\/fmriachuelo.it10.com.ar\/index.php\/wp-json\/wp\/v2\/posts\/3699\/revisions"}],"wp:featuredmedia":[{"embeddable":true,"href":"http:\/\/fmriachuelo.it10.com.ar\/index.php\/wp-json\/"}],"wp:attachment":[{"href":"http:\/\/fmriachuelo.it10.com.ar\/index.php\/wp-json\/wp\/v2\/media?parent=3699"}],"wp:term":[{"taxonomy":"category","embeddable":true,"href":"http:\/\/fmriachuelo.it10.com.ar\/index.php\/wp-json\/wp\/v2\/categories?post=3699"},{"taxonomy":"post_tag","embeddable":true,"href":"http:\/\/fmriachuelo.it10.com.ar\/index.php\/wp-json\/wp\/v2\/tags?post=3699"}],"curies":[{"name":"wp","href":"https:\/\/api.w.org\/{rel}","templated":true}]}}