{"id":369,"date":"2015-06-12T14:32:00","date_gmt":"2015-06-12T14:32:00","guid":{"rendered":"http:\/\/fmriachuelo.observatorioess.org.ar\/index.php\/2015\/06\/12\/union-de-trabajadores-de-la-tierra-y-la-ctep-la-salud-popular\/"},"modified":"2025-04-01T15:17:00","modified_gmt":"2025-04-01T18:17:00","slug":"union-de-trabajadores-de-la-tierra-y-la-ctep-la-salud-popular","status":"publish","type":"post","link":"http:\/\/fmriachuelo.it10.com.ar\/index.php\/2015\/06\/12\/union-de-trabajadores-de-la-tierra-y-la-ctep-la-salud-popular\/","title":{"rendered":"UNION DE TRABAJADORES DE LA TIERRA Y LA CTEP: LA SALUD POPULAR"},"content":{"rendered":"<div style=\"clear: both;text-align: left\"><span style=\"color: red;font-family: Verdana, sans-serif;font-size: large\"><strong>PROMOVER LA SALUD&nbsp; <\/strong><\/span><\/div>\n<div style=\"clear: both;text-align: left\"><span style=\"color: black;font-family: Verdana\">Difundimos:<\/span><\/div>\n<div style=\"clear: both;text-align: center\">&nbsp;<\/div>\n<div style=\"clear: both;text-align: center\"><a href=\"http:\/\/1.bp.blogspot.com\/-109hu1G_-yw\/VXrr5wG_l8I\/AAAAAAAAEtI\/C7Cbwolw6P8\/s1600\/flyer%2Btaller%2Bprimeros%2Bauxilios.jpg\" style=\"margin-left: 1em;margin-right: 1em\"><img loading=\"lazy\" decoding=\"async\" border=\"0\" height=\"320\" src=\"http:\/\/1.bp.blogspot.com\/-109hu1G_-yw\/VXrr5wG_l8I\/AAAAAAAAEtI\/C7Cbwolw6P8\/s320\/flyer%2Btaller%2Bprimeros%2Bauxilios.jpg\" width=\"212\" \/><\/a><\/div>\n<div style=\"clear: both;text-align: center\">&nbsp;<\/div>\n<p><span style=\"font-family: Verdana, sans-serif\">Este s\u00e1bado 13 de junio se inician  una serie de Talleres de Primeros Axilios y acceso a la Salud organizados por el equipo de salud de la UTT y la Mutual Senderos La Plata (CTEP). Durante los talleres compartiremos la t\u00e9cnica de RCP y cuidados y curaciones b\u00e1sicas. Al finalizar el taller quedar\u00e1 un botiqu\u00edn comunitario para el grupo. En este contexto se realizaran   talleres  en distintos grupos de base quinteros que pertenecen a las agriculturas familiares organizadas en la Uni\u00f3n de Trabajadores de la Tierra. La idea que se propone es que al mismo tiempo que realizamos el taller detectar referentes en salud que puedan ser promotores comunitarios rurales.<\/span><\/p>\n<div><span style=\"font-family: Verdana, sans-serif\">&nbsp;<\/span><\/div>\n<div><span style=\"font-family: Verdana, sans-serif\">EQUIPO DE PROMOCION DE LA SALUD UTT<\/span><\/div>\n<div><span style=\"font-family: Verdana\">Referente: Rosal\u00eda Pelegrini<\/span><\/div>\n<div><span style=\"font-family: Verdana, sans-serif\"><\/span>&nbsp;<\/div>\n<div><span style=\"color: blue;font-family: Verdana, sans-serif\">Fuente: Uni\u00f3n de Trabajadores de la Tierra, CTEP, Producci\u00f3n Riachuelo<\/span><\/div>\n<p><\/p>\n","protected":false},"excerpt":{"rendered":"<p>PROMOVER LA SALUD&nbsp; Difundimos: &nbsp; &nbsp; Este s\u00e1bado 13 de junio se inician una serie de Talleres de Primeros Axilios y acceso a la Salud organizados por el equipo de salud de la UTT y la Mutual Senderos La Plata (CTEP). Durante los talleres compartiremos la t\u00e9cnica de RCP y cuidados y curaciones b\u00e1sicas. Al [&hellip;]<\/p>\n","protected":false},"author":4,"featured_media":0,"comment_status":"open","ping_status":"open","sticky":false,"template":"","format":"standard","meta":{"_monsterinsights_skip_tracking":false,"_monsterinsights_sitenote_active":false,"_monsterinsights_sitenote_note":"","_monsterinsights_sitenote_category":0,"jnews-multi-image_gallery":[],"jnews_single_post":{"format":"standard"},"jnews_primary_category":[],"_joinchat":[],"footnotes":""},"categories":[58],"tags":[71,86,69,148],"class_list":["post-369","post","type-post","status-publish","format-standard","hentry","category-noticiariachuelo","tag-de-la-tierra","tag-noti-ctep","tag-salud","tag-trabajo"],"_links":{"self":[{"href":"http:\/\/fmriachuelo.it10.com.ar\/index.php\/wp-json\/wp\/v2\/posts\/369","targetHints":{"allow":["GET"]}}],"collection":[{"href":"http:\/\/fmriachuelo.it10.com.ar\/index.php\/wp-json\/wp\/v2\/posts"}],"about":[{"href":"http:\/\/fmriachuelo.it10.com.ar\/index.php\/wp-json\/wp\/v2\/types\/post"}],"author":[{"embeddable":true,"href":"http:\/\/fmriachuelo.it10.com.ar\/index.php\/wp-json\/wp\/v2\/users\/4"}],"replies":[{"embeddable":true,"href":"http:\/\/fmriachuelo.it10.com.ar\/index.php\/wp-json\/wp\/v2\/comments?post=369"}],"version-history":[{"count":1,"href":"http:\/\/fmriachuelo.it10.com.ar\/index.php\/wp-json\/wp\/v2\/posts\/369\/revisions"}],"predecessor-version":[{"id":23553,"href":"http:\/\/fmriachuelo.it10.com.ar\/index.php\/wp-json\/wp\/v2\/posts\/369\/revisions\/23553"}],"wp:attachment":[{"href":"http:\/\/fmriachuelo.it10.com.ar\/index.php\/wp-json\/wp\/v2\/media?parent=369"}],"wp:term":[{"taxonomy":"category","embeddable":true,"href":"http:\/\/fmriachuelo.it10.com.ar\/index.php\/wp-json\/wp\/v2\/categories?post=369"},{"taxonomy":"post_tag","embeddable":true,"href":"http:\/\/fmriachuelo.it10.com.ar\/index.php\/wp-json\/wp\/v2\/tags?post=369"}],"curies":[{"name":"wp","href":"https:\/\/api.w.org\/{rel}","templated":true}]}}