{"id":3686,"date":"2017-02-09T01:37:32","date_gmt":"2017-02-09T01:37:32","guid":{"rendered":"http:\/\/fmriachuelo.com.ar\/ljkjklj\/?p=3686"},"modified":"2017-02-09T01:37:32","modified_gmt":"2017-02-09T01:37:32","slug":"nueva-proyeccion-del-documental-mil","status":"publish","type":"post","link":"http:\/\/fmriachuelo.it10.com.ar\/index.php\/2017\/02\/09\/nueva-proyeccion-del-documental-mil\/","title":{"rendered":"LA BOCA: NUEVA PROYECCION DEL DOCUMENTAL \u00abMIL\u00bb, UN RETRATO DE LA PROBLEM\u00c1TICA DE LA VIVIENDA EN EL BARRIO"},"content":{"rendered":"<p>[FM Riachuelo 09\/02\/17] Ma\u00f1ana viernes se realizar\u00e1 una nueva proyecci\u00f3n en el barrio de La Boca del documental <strong>\u00abMIL\u00bb, Melo Iberlucea y Lamadrid<\/strong>. La proyecci\u00f3n tendr\u00e1 lugar en la calle Caminito a las 20.30hs. con la participaci\u00f3n de su director, quien nos trae una realizaci\u00f3n que toma como eje la problem\u00e1tica del habitat en La Boca, que hist\u00f3ricamente se cuenta entre los mas desfavorecidos en el acceso a la vivienda digna.<\/p>\n<p>La actividad es impulsada por las organizaciones del barrio. En el programa <span style=\"color: #ff0000\"><strong>Romp\u00e9 el Cerco Informativo<\/strong><\/span> hablamos con Natalia de La Boca Resiste y Propone, escuchala a continuaci\u00f3n:<\/p>\n<p>Tres historias marcadas por el fuego y que muestran la historia de lucha de los sectores populares que hist\u00f3ricamente se ven relegados al acceso por la vivienda digna en el barrio. U<\/p>\n","protected":false},"excerpt":{"rendered":"<p>[FM Riachuelo 09\/02\/17] Ma\u00f1ana viernes se realizar\u00e1 una nueva proyecci\u00f3n en el barrio de La Boca del documental \u00abMIL\u00bb, Melo Iberlucea y Lamadrid. La proyecci\u00f3n tendr\u00e1 lugar en la calle Caminito a las 20.30hs. con la participaci\u00f3n de su director, quien nos trae una realizaci\u00f3n que toma como eje la problem\u00e1tica del habitat en La [&hellip;]<\/p>\n","protected":false},"author":4,"featured_media":3692,"comment_status":"open","ping_status":"open","sticky":false,"template":"","format":"standard","meta":{"_monsterinsights_skip_tracking":false,"_monsterinsights_sitenote_active":false,"_monsterinsights_sitenote_note":"","_monsterinsights_sitenote_category":0,"jnews-multi-image_gallery":[],"jnews_single_post":[],"jnews_primary_category":[],"_joinchat":[],"footnotes":""},"categories":[78,76,74],"tags":[],"class_list":["post-3686","post","type-post","status-publish","format-standard","has-post-thumbnail","hentry","category-economia-popular","category-salud-comunitaria","category-san-cayetano"],"_links":{"self":[{"href":"http:\/\/fmriachuelo.it10.com.ar\/index.php\/wp-json\/wp\/v2\/posts\/3686","targetHints":{"allow":["GET"]}}],"collection":[{"href":"http:\/\/fmriachuelo.it10.com.ar\/index.php\/wp-json\/wp\/v2\/posts"}],"about":[{"href":"http:\/\/fmriachuelo.it10.com.ar\/index.php\/wp-json\/wp\/v2\/types\/post"}],"author":[{"embeddable":true,"href":"http:\/\/fmriachuelo.it10.com.ar\/index.php\/wp-json\/wp\/v2\/users\/4"}],"replies":[{"embeddable":true,"href":"http:\/\/fmriachuelo.it10.com.ar\/index.php\/wp-json\/wp\/v2\/comments?post=3686"}],"version-history":[{"count":0,"href":"http:\/\/fmriachuelo.it10.com.ar\/index.php\/wp-json\/wp\/v2\/posts\/3686\/revisions"}],"wp:featuredmedia":[{"embeddable":true,"href":"http:\/\/fmriachuelo.it10.com.ar\/index.php\/wp-json\/"}],"wp:attachment":[{"href":"http:\/\/fmriachuelo.it10.com.ar\/index.php\/wp-json\/wp\/v2\/media?parent=3686"}],"wp:term":[{"taxonomy":"category","embeddable":true,"href":"http:\/\/fmriachuelo.it10.com.ar\/index.php\/wp-json\/wp\/v2\/categories?post=3686"},{"taxonomy":"post_tag","embeddable":true,"href":"http:\/\/fmriachuelo.it10.com.ar\/index.php\/wp-json\/wp\/v2\/tags?post=3686"}],"curies":[{"name":"wp","href":"https:\/\/api.w.org\/{rel}","templated":true}]}}