{"id":368,"date":"2015-06-12T18:00:00","date_gmt":"2015-06-12T18:00:00","guid":{"rendered":"http:\/\/fmriachuelo.observatorioess.org.ar\/index.php\/2015\/06\/12\/venezuela-presencia-de-las-brigadas-internacionalista-che-guevara\/"},"modified":"2025-04-01T15:17:37","modified_gmt":"2025-04-01T18:17:37","slug":"venezuela-presencia-de-las-brigadas-internacionalista-che-guevara","status":"publish","type":"post","link":"http:\/\/fmriachuelo.it10.com.ar\/index.php\/2015\/06\/12\/venezuela-presencia-de-las-brigadas-internacionalista-che-guevara\/","title":{"rendered":"VENEZUELA: PRESENCIA DE LAS BRIGADAS INTERNACIONALISTA \u00abCHE GUEVARA\u00bb"},"content":{"rendered":"<div><span style=\"color: red;font-family: Verdana, sans-serif;font-size: large\"><strong>CAMINANDO EL \u00ab23 DE ENERO\u00bb<\/strong><\/span><\/div>\n<div><strong><span style=\"color: red;font-family: Verdana;font-size: large\">SOLIDARIDAD CUBANA UN MODELO A SEGUIR<\/span><\/strong><\/div>\n<div style=\"clear: both;text-align: center\"><a href=\"http:\/\/1.bp.blogspot.com\/-0xZLgxnejBo\/VXsdYJyenVI\/AAAAAAAAEtY\/qiIw2X5bYjU\/s1600\/23%2Bde%2Benero.jpg\" style=\"clear: left;float: left;margin-bottom: 1em;margin-right: 1em\"><img loading=\"lazy\" decoding=\"async\" border=\"0\" height=\"188\" src=\"http:\/\/1.bp.blogspot.com\/-0xZLgxnejBo\/VXsdYJyenVI\/AAAAAAAAEtY\/qiIw2X5bYjU\/s320\/23%2Bde%2Benero.jpg\" width=\"320\" \/><\/a><\/div>\n<div>&nbsp;<\/div>\n<div style=\"text-align: justify\"><span style=\"font-family: Verdana, sans-serif\">Uno de los aspectos m\u00e1s relevantes de la actual coyuntura pol\u00edtica de la revoluci\u00f3n Bolivariana en Venezuela son las internas abiertas del PSUV. <\/p>\n<p> Con la Brigada Internacionalista CHE Guevara tuvimos el privilegio de participar y conocer de primera mano las particularidades de una campa\u00f1a electoral en una de las zonas m\u00e1s populares, y con m\u00e1s historia de lucha y construcci\u00f3n de poder popular de Venezuela: el<strong> Barrio 23 de Enero<\/strong>.<br \/> Junto a un referente de la Coordinadora Sim\u00f3n Bol\u00edvar y candidato a diputado del PSUV, el camarada Juan Contreras, nos metimos en los m\u00e1s rec\u00f3nditos pasillos y callecitas del barrio, yendo puerta por puerta hasta lo m\u00e1s alto del cerro, escuchando, compartiendo abrazos, manos bien apretadas, c\u00e1lidas sonrisas e intercambiando visiones del proceso revolucionario. Nos encontramos con un pueblo que est\u00e1 empe\u00f1ado en construir relaciones profundamente humanas: la solidaridad, la alegr\u00eda, la calidez, la vitalidad con la que defienden una posici\u00f3n pol\u00edtica son parte de esa nueva subjetividad revolucionaria que se va forjando en la lucha por lo que falta y en la disputa por defender lo que conquistaron y construyeron como pueblo. Los discursos y las conversaciones giraban en torno al recuerdo del Comandante Hugo Ch\u00e1vez, sobre lo que falta construir y lo que tiene que ir mejorando el proyecto revolucionario pero siempre bien claros que lo que todav\u00eda hay que mejorar, es producto de la permanencia y perdurabilidad de relaciones capitalistas en los diferentes \u00e1mbitos. Citando a Gramsci, \u201chay algo nuevo que no termina de nacer y hay algo viejo que no termina de morir\u201d, el pueblo venezolano est\u00e1 en el medio de esa contradicci\u00f3n, consciente de que \u201cla vaina no es s\u00f3lo de Maduro, sino que le tienen que echar bola todos\u201d. <\/span><a name='more'><\/a><span style=\"font-family: Verdana, sans-serif\"><br \/>El recorrido finaliz\u00f3 llegada la noche, cuando el sol ya se hab\u00eda escondido y la \u00fanica luz era la de los focos colgantes de colores en los pasillos, y tuvo el honor de concluir en la primera reuni\u00f3n de un Consejo Comunal reci\u00e9n conformado, en lo m\u00e1s alto del barrio, con una vista panor\u00e1mica de toda la ciudad de Caracas, los\/as voceros\/as comenzaban a dise\u00f1ar, a imaginar y a planificar ese otro mundo mejor para su barrio.<\/span><\/p>\n<div><span style=\"font-family: Verdana\"><\/span>&nbsp;<\/div>\n<div><span style=\"color: blue;font-family: Verdana\">Fuente: PSUV, Brigadas Internacionalistas Che Guevara, Producci\u00f3n Riachuelo<\/span><\/div>\n<\/div>\n","protected":false},"excerpt":{"rendered":"<p>CAMINANDO EL \u00ab23 DE ENERO\u00bb SOLIDARIDAD CUBANA UN MODELO A SEGUIR &nbsp; Uno de los aspectos m\u00e1s relevantes de la actual coyuntura pol\u00edtica de la revoluci\u00f3n Bolivariana en Venezuela son las internas abiertas del PSUV. Con la Brigada Internacionalista CHE Guevara tuvimos el privilegio de participar y conocer de primera mano las particularidades de una [&hellip;]<\/p>\n","protected":false},"author":4,"featured_media":0,"comment_status":"open","ping_status":"open","sticky":false,"template":"","format":"standard","meta":{"_monsterinsights_skip_tracking":false,"_monsterinsights_sitenote_active":false,"_monsterinsights_sitenote_note":"","_monsterinsights_sitenote_category":0,"jnews-multi-image_gallery":[],"jnews_single_post":{"format":"standard"},"jnews_primary_category":[],"_joinchat":[],"footnotes":""},"categories":[58],"tags":[70,157],"class_list":["post-368","post","type-post","status-publish","format-standard","hentry","category-noticiariachuelo","tag-de-la-patria-grande","tag-nadie-se-salva-solo"],"_links":{"self":[{"href":"http:\/\/fmriachuelo.it10.com.ar\/index.php\/wp-json\/wp\/v2\/posts\/368","targetHints":{"allow":["GET"]}}],"collection":[{"href":"http:\/\/fmriachuelo.it10.com.ar\/index.php\/wp-json\/wp\/v2\/posts"}],"about":[{"href":"http:\/\/fmriachuelo.it10.com.ar\/index.php\/wp-json\/wp\/v2\/types\/post"}],"author":[{"embeddable":true,"href":"http:\/\/fmriachuelo.it10.com.ar\/index.php\/wp-json\/wp\/v2\/users\/4"}],"replies":[{"embeddable":true,"href":"http:\/\/fmriachuelo.it10.com.ar\/index.php\/wp-json\/wp\/v2\/comments?post=368"}],"version-history":[{"count":1,"href":"http:\/\/fmriachuelo.it10.com.ar\/index.php\/wp-json\/wp\/v2\/posts\/368\/revisions"}],"predecessor-version":[{"id":23554,"href":"http:\/\/fmriachuelo.it10.com.ar\/index.php\/wp-json\/wp\/v2\/posts\/368\/revisions\/23554"}],"wp:attachment":[{"href":"http:\/\/fmriachuelo.it10.com.ar\/index.php\/wp-json\/wp\/v2\/media?parent=368"}],"wp:term":[{"taxonomy":"category","embeddable":true,"href":"http:\/\/fmriachuelo.it10.com.ar\/index.php\/wp-json\/wp\/v2\/categories?post=368"},{"taxonomy":"post_tag","embeddable":true,"href":"http:\/\/fmriachuelo.it10.com.ar\/index.php\/wp-json\/wp\/v2\/tags?post=368"}],"curies":[{"name":"wp","href":"https:\/\/api.w.org\/{rel}","templated":true}]}}