{"id":3675,"date":"2017-02-07T03:07:14","date_gmt":"2017-02-07T03:07:14","guid":{"rendered":"http:\/\/fmriachuelo.com.ar\/ljkjklj\/?p=3675"},"modified":"2017-02-07T03:07:14","modified_gmt":"2017-02-07T03:07:14","slug":"ctep-mesa-gremial-19-y-20-trabajo-solidario-de-organizaciones-en-entre-rios","status":"publish","type":"post","link":"http:\/\/fmriachuelo.it10.com.ar\/index.php\/2017\/02\/07\/ctep-mesa-gremial-19-y-20-trabajo-solidario-de-organizaciones-en-entre-rios\/","title":{"rendered":"CTEP MESA GREMIAL 19 Y 20:  TRABAJO SOLIDARIO DE ORGANIZACIONES EN ENTRE RIOS"},"content":{"rendered":"<p>[FM Riachuelo 28\/01\/2017]El pasado\u00a0s\u00e1bado, 4 de febrero, \u00a0integrantes de la Mesa 19 y 20 de CTEP, se trasladaron a La Paz, Entre Rios, para desarrollar\u00a0una actividad solidaria con los trabajadores de la econom\u00eda popular, integrantes de la Confederaci\u00f3n de Trabajadores de la Econom\u00eda Popular, \u00a0de esa localidad, \u00a0y a la vez compartir experiencias y proyectos.<\/p>\n<p>Desde la Ciudad de Buenos Aires, el s\u00e1bado pasado, parti\u00f3 un contingente para realizar tareas junto a otros trabajadores de la econom\u00eda popular, agremiados en la CTEP, Mesa 19 y 20. Una jornada de trabajo solidario con los compa\u00f1eros del barrio Papa Francisco, que viven en condiciones de extrema precariedad y carencia, \u00a0a la vera del rio Paran\u00e1, en la localidad de La Paz de la provincia de Entre Rios. Las actividades realizadas consistieron en trabajos territoriales, de acondicionamiento del per\u00edmetro y construcci\u00f3n de un espacio destinado a sala de encuentro y deliberaci\u00f3n del colectivo de habitantes. Adem\u00e1s\u00a0se desarrollo una fluido di\u00e1logo e\u00a0intercambio, \u00a0y se comparti\u00f3 un almuerzo\u00a0de confraternidad.<\/p>\n<p><a href=\"http:\/\/fmriachuelo.com.ar\/ljkjklj\/wp-content\/uploads\/2017\/02\/WhatsApp-Image-2017-02-05-at-09.09.48.jpeg\"><img loading=\"lazy\" decoding=\"async\" class=\"wp-image-3681 size-medium alignleft\" src=\"http:\/\/fmriachuelo.com.ar\/ljkjklj\/wp-content\/uploads\/2017\/02\/WhatsApp-Image-2017-02-05-at-09.09.48-300x169.jpeg\" width=\"300\" height=\"169\" \/><\/a><a href=\"http:\/\/fmriachuelo.com.ar\/ljkjklj\/wp-content\/uploads\/2017\/02\/WhatsApp-Image-2017-02-05-at-09.09.51.jpeg\"><img loading=\"lazy\" decoding=\"async\" class=\"wp-image-3682 size-medium alignleft\" src=\"http:\/\/fmriachuelo.com.ar\/ljkjklj\/wp-content\/uploads\/2017\/02\/WhatsApp-Image-2017-02-05-at-09.09.51-300x169.jpeg\" width=\"300\" height=\"169\" \/><\/a><\/p>\n<p>&nbsp;<\/p>\n<p>&nbsp;<\/p>\n<p>&nbsp;<\/p>\n<p>&nbsp;<\/p>\n<p>En el barrio, ubicado detr\u00e1s del cementerio de La Paz, lindante con el rio Paran\u00e1, viven 30 familias, con un n\u00famero importante de ni\u00f1os.\u00a0Las actuales condiciones de habitabilidad, en el lugar, \u00a0son de extrema precariedad sin agua potable, \u00a0sin luz y sin asistencia del estado que permita garantizar las m\u00ednimas condiciones de subsistencia de las personas. Participaron organizaciones vinculadas a la Mesa Gremial 19 y 20 de la CTEP: La Sim\u00f3n Bolivar, O.S.y P. Los Pibes, FM Riachuelo, COVILPI.<\/p>\n<p>Estas familias se vieron obligadas a ocupar este predio donde residen, \u00a0el d\u00eda 13 de septiembre de 2016, apremiados por la falta de un lugar donde habitar y por falta de respuestas del estado a su urgente situaci\u00f3n, luego de las graves inundaciones sufridas en abril de ese mismo a\u00f1o.<\/p>\n<p>Estas actividades continuar\u00e1n como parte del compromiso de las organizaciones de los distintos territorios de nuestra regi\u00f3n.<\/p>\n<p>&nbsp;<\/p>\n","protected":false},"excerpt":{"rendered":"<p>[FM Riachuelo 28\/01\/2017]El pasado\u00a0s\u00e1bado, 4 de febrero, \u00a0integrantes de la Mesa 19 y 20 de CTEP, se trasladaron a La Paz, Entre Rios, para desarrollar\u00a0una actividad solidaria con los trabajadores de la econom\u00eda popular, integrantes de la Confederaci\u00f3n de Trabajadores de la Econom\u00eda Popular, \u00a0de esa localidad, \u00a0y a la vez compartir experiencias y proyectos. [&hellip;]<\/p>\n","protected":false},"author":6,"featured_media":3683,"comment_status":"open","ping_status":"open","sticky":false,"template":"","format":"standard","meta":{"_monsterinsights_skip_tracking":false,"_monsterinsights_sitenote_active":false,"_monsterinsights_sitenote_note":"","_monsterinsights_sitenote_category":0,"jnews-multi-image_gallery":[],"jnews_single_post":[],"jnews_primary_category":[],"_joinchat":[],"footnotes":""},"categories":[79,76,74,75],"tags":[],"class_list":["post-3675","post","type-post","status-publish","format-standard","has-post-thumbnail","hentry","category-nadie-se-salva-solo","category-salud-comunitaria","category-san-cayetano","category-trabajo"],"_links":{"self":[{"href":"http:\/\/fmriachuelo.it10.com.ar\/index.php\/wp-json\/wp\/v2\/posts\/3675","targetHints":{"allow":["GET"]}}],"collection":[{"href":"http:\/\/fmriachuelo.it10.com.ar\/index.php\/wp-json\/wp\/v2\/posts"}],"about":[{"href":"http:\/\/fmriachuelo.it10.com.ar\/index.php\/wp-json\/wp\/v2\/types\/post"}],"author":[{"embeddable":true,"href":"http:\/\/fmriachuelo.it10.com.ar\/index.php\/wp-json\/wp\/v2\/users\/6"}],"replies":[{"embeddable":true,"href":"http:\/\/fmriachuelo.it10.com.ar\/index.php\/wp-json\/wp\/v2\/comments?post=3675"}],"version-history":[{"count":0,"href":"http:\/\/fmriachuelo.it10.com.ar\/index.php\/wp-json\/wp\/v2\/posts\/3675\/revisions"}],"wp:featuredmedia":[{"embeddable":true,"href":"http:\/\/fmriachuelo.it10.com.ar\/index.php\/wp-json\/"}],"wp:attachment":[{"href":"http:\/\/fmriachuelo.it10.com.ar\/index.php\/wp-json\/wp\/v2\/media?parent=3675"}],"wp:term":[{"taxonomy":"category","embeddable":true,"href":"http:\/\/fmriachuelo.it10.com.ar\/index.php\/wp-json\/wp\/v2\/categories?post=3675"},{"taxonomy":"post_tag","embeddable":true,"href":"http:\/\/fmriachuelo.it10.com.ar\/index.php\/wp-json\/wp\/v2\/tags?post=3675"}],"curies":[{"name":"wp","href":"https:\/\/api.w.org\/{rel}","templated":true}]}}