{"id":367,"date":"2015-06-14T17:28:00","date_gmt":"2015-06-14T17:28:00","guid":{"rendered":"http:\/\/fmriachuelo.observatorioess.org.ar\/index.php\/2015\/06\/14\/colombia-graves-asesinatos-rurales\/"},"modified":"2025-04-01T15:18:10","modified_gmt":"2025-04-01T18:18:10","slug":"colombia-graves-asesinatos-rurales","status":"publish","type":"post","link":"http:\/\/fmriachuelo.it10.com.ar\/index.php\/2015\/06\/14\/colombia-graves-asesinatos-rurales\/","title":{"rendered":"COLOMBIA: GRAVES ASESINATOS RURALES"},"content":{"rendered":"<p><span style=\"color: red;font-family: Verdana, sans-serif;font-size: large\"><strong>CONFLICTO INTERMINABLE<\/strong><\/span><\/p>\n<div style=\"clear: both;text-align: center\"><a href=\"http:\/\/4.bp.blogspot.com\/-EeOmzTEIvZ4\/VX25IvsEa-I\/AAAAAAAAEt4\/NeNFiaui5Y4\/s1600\/COLOMBIA.png\" style=\"clear: left;float: left;margin-bottom: 1em;margin-right: 1em\"><img loading=\"lazy\" decoding=\"async\" border=\"0\" height=\"206\" src=\"http:\/\/4.bp.blogspot.com\/-EeOmzTEIvZ4\/VX25IvsEa-I\/AAAAAAAAEt4\/NeNFiaui5Y4\/s320\/COLOMBIA.png\" width=\"320\" \/><span style=\"font-family: Verdana, sans-serif\">&nbsp;<\/span><\/a><\/div>\n<div style=\"text-align: justify\"><span style=\"font-family: Verdana, sans-serif\"><b>[Resumen Latinoamericano\/13 de Junio 2015] Las organizaciones sociales, sindicales y de derechos humanos abajo firmantes,  denunciamos  ante la comunidad nacional e internacional, los graves hechos de violaci\u00f3n a los derechos humanos que se vienen presentando en el municipio de Guapi, poblaci\u00f3n ubicada en la costa pac\u00edfica del departamento del Cauca. Donde a ra\u00edz de las operaciones efectuadas por el ej\u00e9rcito nacional se ha visto afectada la poblaci\u00f3n civil, la cual viene siendo objeto de se\u00f1alamientos, intimidaciones y detenciones arbitrarias por parte de miembros de la fuerza p\u00fablica.<\/b><\/p>\n<p>El d\u00eda 22 de Mayo del a\u00f1o en curso los medios de comunicaci\u00f3n difund\u00edan el \u201cduro golpe\u201d que las fuerzas militares colombianas le propinaban a la insurgencia, m\u00e1s concretamente a las FARC-EP, donde se hab\u00edan \u201cdado de baja\u201d 27 miembros de esa insurgencia, incluido uno de los negociadores de ese grupo en los di\u00e1logos de la habana.<\/span><br \/><span style=\"font-family: Verdana, sans-serif\"><\/span><br \/><a name='more'><\/a><span style=\"font-family: Verdana, sans-serif\"><strong>HECHOS:<\/strong><br \/>Nuestras organizaciones han  recibido la siguiente informaci\u00f3n:<br \/>1-      Que el d\u00eda 21 de Mayo del 2015, siendo  las 2 Pm, se iniciaban  las operaciones por parte del ej\u00e9rcito colombiano, en inmediaciones del territorio colectivo de las comunidades negras del consejo comunitario del Alto guapi, m\u00e1s concretamente la vereda San Agust\u00edn; estas operaciones consist\u00edan en bombardeos y posterior desembarco de tropas desde helic\u00f3pteros; estas acciones   se presentan de manera indiscriminada, afectando a mujeres, ni\u00f1os y hombres que participaban de un taller sobre el desescalonamiento del conflicto armado.<\/span><br \/><span style=\"font-family: Verdana, sans-serif\">2-      Que  con la llegada de las tropas por v\u00eda terrestre, esta es la informaci\u00f3n recibida, se pueden haber presentado asesinatos  y desapariciones de personas que hab\u00edan resultado heridas en el bombardeo.<br \/>3-     Que al parecer dentro de las 27 personas muertas producto del bombardeo, no todas eran parte de la insurgencia, de igual forma que el n\u00famero  de personas muertas en esta acci\u00f3n puede llegar a los 80, cifra que no se ha dado a conocer con claridad.<br \/>4-     Que este acontecimiento,  posteriormente produce el desplazamiento masivo de personas de las comunidades provenientes de las veredas San Agust\u00edn, San Vicente, Rosario, Las Juntas y Balsitas, quienes se dirigieron hacia la cabecera municipal de Guapi, son  110 familias, 463 personas, cifras registradas por la defensor\u00eda regional del pueblo en el Cauca y la pastoral social del vicariato apost\u00f3lico  de Guapi.<br \/>5-     Que la situaci\u00f3n de las personas desplazadas es de total angustia y problemas de tipo sicosocial ante la agudizaci\u00f3n del conflicto y los controles que ahora ejerce la fuerza p\u00fablica.<br \/>6-     Que la crisis humanitaria que se presenta,  se viene agudizando en la regi\u00f3n ante los constantes controles que  ejerce la fuerza p\u00fablica antes y despu\u00e9s de las acciones del 21 de mayo, en la v\u00edas fluviales, donde son constantes los abusos, detenciones arbitrarias, se\u00f1alamientos, y prohibiciones a la poblaci\u00f3n de circular por los r\u00edos, lo cual obliga a las personas a no realizar sus faenas de pesca y casi que los est\u00e1 condenando a la hambruna, ya que de estas actividades depende su sustento.<br \/>7-      Que se vienen presentando graves infracciones al derecho internacional humanitario por parte de la fuerza p\u00fablica, m\u00e1s concretamente, al batall\u00f3n n\u00famero 42  de la infanter\u00eda de marina, tropas que permanecen de forma regular y constante en la Normal Superior la Inmaculada en Guapi, situaci\u00f3n similar ocurre en el hogar San Joaqu\u00edn y Santa Ana, donde viven ni\u00f1os, ni\u00f1as, adolecentes, adultos mayores y comunidad religiosa.<br \/>8-     Que el d\u00eda 28 de mayo las fuerzas vivas del municipio de Guapi adelantaron una marcha masiva exigi\u00e9ndole a los actores armados que se respetara la poblaci\u00f3n civil, al Estado colombiano que cesara los operativos en los territorios comunitarios donde ha quedado la poblaci\u00f3n civil involucrada, de igual forma a que la fuerza p\u00fablica se abstuviera de continuar la estigmatizaci\u00f3n y atropellos a las personas, considerando que si viven en esas zonas, entonces son \u201cguerrilleros\u201d; esta marcha masiva insto a los \u00f3rganos de control para que vigilen lo que ha sucedido y continua sucediendo en Guapi, pero que se extiende a otra poblaciones como Timbiqu\u00ed y L\u00f3pez de Micay. De igual se plante\u00f3 el cese bilateral de hostilidades.<\/span><br \/><span style=\"font-family: Verdana, sans-serif\"><br \/>La fundaci\u00f3n comit\u00e9 de  solidaridad con los presos pol\u00edticos, exige:<br \/>1- Que se  respeten los derechos humanos de las comunidades afrodescendientes que habitan el municipio de Guapi y su zona rural, los cuales  se han visto involucrados en los operativos militares que adelanta la fuerza p\u00fablica.<br \/>2-      Que el Estado colombiano  asuma su deber constitucional de proteger la vida, honra y bienes de sus conciudadanos, en este caso de la poblaci\u00f3n afrodescendiente que habita la costa pac\u00edfica caucana  y nari\u00f1ense, en general la costa pac\u00edfica colombiana, que las acciones del Estado vayan m\u00e1s encaminadas en superar el abandono que por a\u00f1os se ha presentado en esta regi\u00f3n y que por el contrario las acciones militares no pongan en riesgo a estas comunidades.<br \/>3-     Que cesen los se\u00f1alamientos y estigmatizaci\u00f3n a la poblaci\u00f3n civil, el hecho de vivir en una zona de conflicto armado no supone que sus habitantes est\u00e9n vinculados al mismo, la fuerza p\u00fablica no puede y no debe  asumir esta consideraci\u00f3n para justificar su accionar desmedido y brutal contra los pobladores de estas comunidades.<br \/>4-     Que la defensor\u00eda regional del pueblo Cauca, la procuradur\u00eda general de la naci\u00f3n hagan presencia en los territorios mencionados con el fin de verificar la actuaci\u00f3n desmedida por parte de la fuerza p\u00fablica,  as\u00ed mismo de iniciar, las acciones disciplinarias a que haya lugar  y de esta manera frenar la actuaci\u00f3n violenta de la fuerza p\u00fablica.<\/span><br \/><span style=\"font-family: Verdana, sans-serif\"><br \/>Fundaci\u00f3n comit\u00e9 de solidaridad con los presos pol\u00edticos.<br \/>Central Unitaria de los Trabajadores CUT.<br \/>Sindicato Nacional de Trabajadores del Campo, SINALTRACAMPO.<br \/>Identidad Estudiantil Trabajo Colectivo.<br \/>Proceso Nacional Identidad Palmira.<br \/>Red de Hermandad y solidaridad con Colombia.<br \/>Colectivo Minga de Pensamiento.<br \/>SINALTRAINAL Cali.<br \/>Comit\u00e9 de Solidaridad de la de CUT Valle del Cauca.<br \/>Sindicato Nacional de Trabajadores Universitarios de Colombia.<br \/>Coordinaci\u00f3n para el desarrollo regional, CDR.<br \/>Coordinaci\u00f3n Colombia Europa Estados Unidos, Nodo Suroccidente.<\/span><\/p>\n<div style=\"text-align: justify\"><span style=\"color: #0b5394;font-family: Verdana, sans-serif\"><b>Fuente: Resumen Latinoamericano, Producci\u00f3n Riachuelo<\/b><\/span><\/div>\n<\/div>\n","protected":false},"excerpt":{"rendered":"<p>CONFLICTO INTERMINABLE &nbsp; [Resumen Latinoamericano\/13 de Junio 2015] Las organizaciones sociales, sindicales y de derechos humanos abajo firmantes, denunciamos ante la comunidad nacional e internacional, los graves hechos de violaci\u00f3n a los derechos humanos que se vienen presentando en el municipio de Guapi, poblaci\u00f3n ubicada en la costa pac\u00edfica del departamento del Cauca. Donde a [&hellip;]<\/p>\n","protected":false},"author":4,"featured_media":0,"comment_status":"open","ping_status":"open","sticky":false,"template":"","format":"standard","meta":{"_monsterinsights_skip_tracking":false,"_monsterinsights_sitenote_active":false,"_monsterinsights_sitenote_note":"","_monsterinsights_sitenote_category":0,"jnews-multi-image_gallery":[],"jnews_single_post":{"format":"standard"},"jnews_primary_category":[],"_joinchat":[],"footnotes":""},"categories":[58],"tags":[70,71,119],"class_list":["post-367","post","type-post","status-publish","format-standard","hentry","category-noticiariachuelo","tag-de-la-patria-grande","tag-de-la-tierra","tag-derechos-humanos"],"_links":{"self":[{"href":"http:\/\/fmriachuelo.it10.com.ar\/index.php\/wp-json\/wp\/v2\/posts\/367","targetHints":{"allow":["GET"]}}],"collection":[{"href":"http:\/\/fmriachuelo.it10.com.ar\/index.php\/wp-json\/wp\/v2\/posts"}],"about":[{"href":"http:\/\/fmriachuelo.it10.com.ar\/index.php\/wp-json\/wp\/v2\/types\/post"}],"author":[{"embeddable":true,"href":"http:\/\/fmriachuelo.it10.com.ar\/index.php\/wp-json\/wp\/v2\/users\/4"}],"replies":[{"embeddable":true,"href":"http:\/\/fmriachuelo.it10.com.ar\/index.php\/wp-json\/wp\/v2\/comments?post=367"}],"version-history":[{"count":1,"href":"http:\/\/fmriachuelo.it10.com.ar\/index.php\/wp-json\/wp\/v2\/posts\/367\/revisions"}],"predecessor-version":[{"id":23555,"href":"http:\/\/fmriachuelo.it10.com.ar\/index.php\/wp-json\/wp\/v2\/posts\/367\/revisions\/23555"}],"wp:attachment":[{"href":"http:\/\/fmriachuelo.it10.com.ar\/index.php\/wp-json\/wp\/v2\/media?parent=367"}],"wp:term":[{"taxonomy":"category","embeddable":true,"href":"http:\/\/fmriachuelo.it10.com.ar\/index.php\/wp-json\/wp\/v2\/categories?post=367"},{"taxonomy":"post_tag","embeddable":true,"href":"http:\/\/fmriachuelo.it10.com.ar\/index.php\/wp-json\/wp\/v2\/tags?post=367"}],"curies":[{"name":"wp","href":"https:\/\/api.w.org\/{rel}","templated":true}]}}