{"id":366,"date":"2015-06-14T22:03:00","date_gmt":"2015-06-14T22:03:00","guid":{"rendered":"http:\/\/fmriachuelo.observatorioess.org.ar\/index.php\/2015\/06\/14\/hace-87-anos-nacia-un-revolucionario-comandante-che-guevara\/"},"modified":"2025-04-01T15:20:26","modified_gmt":"2025-04-01T18:20:26","slug":"hace-87-anos-nacia-un-revolucionario-comandante-che-guevara","status":"publish","type":"post","link":"http:\/\/fmriachuelo.it10.com.ar\/index.php\/2015\/06\/14\/hace-87-anos-nacia-un-revolucionario-comandante-che-guevara\/","title":{"rendered":"HACE 87 A\u00d1OS NAC\u00cdA UN REVOLUCIONARIO: COMANDANTE \u00abCHE\u00bb GUEVARA"},"content":{"rendered":"<p><span style=\"color: red;font-family: Verdana, sans-serif;font-size: large\"><strong>ALEGRE REBELD\u00cdA: VIVE POR SIEMPRE<\/strong><\/span><br \/><span style=\"font-size: large\"><strong>14 de junio: 87 a\u00f1os del natalicio del Che Guevara<\/strong><\/span><\/p>\n<div style=\"clear: both;text-align: center\"><a href=\"http:\/\/1.bp.blogspot.com\/-OX98-ZAWV9E\/VX34_MhDlII\/AAAAAAAAEuI\/0XIV1KAMnLc\/s1600\/Ernesto-Guevara-e1434298096669.jpg\" style=\"clear: left;float: left;margin-bottom: 1em;margin-right: 1em\"><img loading=\"lazy\" decoding=\"async\" border=\"0\" height=\"296\" src=\"http:\/\/1.bp.blogspot.com\/-OX98-ZAWV9E\/VX34_MhDlII\/AAAAAAAAEuI\/0XIV1KAMnLc\/s400\/Ernesto-Guevara-e1434298096669.jpg\" width=\"400\" \/><\/a><\/div>\n<p><span style=\"font-family: Verdana, sans-serif\"><b>[Prensa PSUV] El Che naci\u00f3 en Rosario, Rep\u00fablica Argentina, el 14 de junio de 1928, hijo de Ernesto Guevara y Celia de la Serna. A los dos a\u00f1os se le descubre una afecci\u00f3n que trata de combatir practicando deportes, como el rugby y la vida al aire libre. En diciembre de 1947 ingresa a la Facultad de Medicina de la Universidad de Buenos Aires.<\/b><\/span><br \/><span style=\"font-family: Verdana, sans-serif\">En 1952 viaja por Argentina, Chile, Per\u00fa, Colombia y Venezuela, en compa\u00f1\u00eda de Alberto Granados.<br \/>Ernesto \u201cChe\u201d Guevara fue tambi\u00e9n unos de los principales pensadores de los preceptos revolucionarios de justicia e igualdad en Am\u00e9rica Latina, dirigido a conformar una nueva sociedad, sin injusticia y desigualdad social.<br \/>Este pensamiento revolucionario es dado por su conocimiento de la situaci\u00f3n de injusticia social de los pueblos latinoamericanos, del cual es testigo cuando decide recorrer las naciones del continente en moto, ofreciendo su trabajo de m\u00e9dico, gratuitamente, en las poblaciones m\u00e1s pobres que visit\u00f3.<br \/>Durante su estad\u00eda en Venezuela se instala en el Leprosario de Cabo Blanco, ubicado en la poblaci\u00f3n de Maiquet\u00eda, estado Vargas, donde trabaj\u00f3 junto con el destacado m\u00e9dico venezolano Jacinto Convit.<\/span><br \/><span style=\"font-family: Verdana, sans-serif\"><\/span><br \/><a name='more'><\/a><span style=\"font-family: Verdana, sans-serif\">En julio de 1955 conoce a Fidel Castro y se alista como m\u00e9dico de la futura expedici\u00f3n de Granma, para combatir contra el r\u00e9gimen entreguista de Batista y liberar a Cuba de la explotaci\u00f3n extranjera. El 17 de enero de 1957 participa en el primer combate victorioso de los rebeldes en La Plata.<\/span><br \/><span style=\"font-family: Verdana, sans-serif\">El 28 de mayo se obtiene una importante victoria en el ataque al cuartel del Uvero. Seg\u00fan el \u201cChe\u201d, este combate marca la mayor\u00eda de edad del Ej\u00e9rcito Rebelde.<br \/>El 28 de diciembre de 1958, como parte de la ofensiva final del Ej\u00e9rcito Rebelde, inicia el ataque a la ciudad de Santa Clara. El 31 de diciembre se consuma la toma de la ciudad y el triunfo de la Revoluci\u00f3n. El 2 de enero de 1959 se traslada a La Habana. El 8 de enero las fuerzas revolucionarias entran victoriosas en La Habana.<br \/>El a\u00f1o 1965 estar\u00e1 marcado por constantes viajes al \u00c1frica, en especial al Congo y a Guinea, tratando de profundizar las tendencias revolucionarias. El \u201cChe\u201d propone crear un gran grupo compacto de naciones en proceso de liberaci\u00f3n, asisti\u00e9ndose mutuamente. Viaja al Congo a luchar contra Mo\u00efse Kapenda Tshomb\u00e9, pues el \u201cChe\u201d cre\u00eda firmemente en la eficacia de la guerra de guerrillas. Adem\u00e1s, quer\u00eda consolidar una Hispanoam\u00e9rica liberada y unida. Sin embargo, los Estados Unidos estaban dispuestos a cerrar el paso a la independencia de nuestros pueblos.<br \/>El \u201cChe\u201d escogi\u00f3 Suram\u00e9rica como escenario de sus luchas. Fidel Castro ley\u00f3 p\u00fablicamente sus tres cartas de despedida: una dirigida a \u00e9l, otra a sus padres y la restante a sus cinco hijos. A fines de noviembre de 1965, el \u201cChe\u201d y el resto de cubanos salen del Congo. Fidel le pide que regrese a Cuba, pero \u00e9l viaja a Praga (Chequia) y permanece all\u00ed casi cuatro meses, tambi\u00e9n en clandestinidad. En agosto de 1966 ingresa en Bolivia. All\u00ed recorre el pa\u00eds conversando con los diversos grupos guerrilleros y comienza su heroica lucha en la guerrilla boliviana.<br \/>Durante treinta a\u00f1os sus restos permanecieron sepultados en la localidad de Vallegrande, hasta la fecha de su hallazgo el 28 de junio de 1997, junto a otros 6 guerrilleros. Una de las pistas m\u00e1s importantes para encontrar la fosa com\u00fan donde estaba enterrado la proporcion\u00f3 el general retirado Mario Vargas Salinas, quien en una noticia publicada el 21 de noviembre de 1995 por el The New York Time, afirmaba que la tumba del Che se ubicaba en la pista vieja del aeropuerto de Vallegrande.<br \/>Tras ese dato, el Equipo Argentino de Antropolog\u00eda Forense (EAAF) y un grupo de expertos cubanos comenzaron a estudiar el terreno en busca de indicios que dieran con la fosa. El 30 de marzo de 1996, el EAAF se retira de la b\u00fasqueda pero los cubanos, junto a amigos bolivianos, continuaron la labor hasta el hallazgo en 1997.<br \/>El 12 de julio de 1997, fueron trasladados a La Habana y posteriormente en solemne homenaje de todo el pueblo de Cuba, depositados el 17 de octubre en el Complejo Monumentario Ernesto Che Guevara, mausoleo ubicado en la ciudad de Santa Clara.<br \/>En 2006, el reci\u00e9n electo presidente de Bolivia, Evo Morales, ordena colocar un enorme retrato del Che Guevara en el palacio presidencial. En el 2010, fue erigido un monumento en su honor en su ciudad natal, Rosario, acto en el que estuvo presente su compa\u00f1ero Alberto Granado.<br \/>Su trayectoria no termina en un lugar ni en una fecha, se extiende en el tiempo donde quiera que sus ideas inspiren a los hombres a ser solidarios entre si y a tratar al desvalido, al trabajador y al campesino con justicia.<br \/>A prop\u00f3sito del 46 aniversario del asesinato del guerrillero heroico; el presidente de la Rep\u00fablica, Nicol\u00e1s Maduro, record\u00f3 al Che como un \u201cs\u00edmbolo de la Humanidad y la Rebeld\u00eda\u201d.<br \/>\u201cChe, hoy te recordamos vigente y con la fuerza de tu ejemplo, vamos abriendo caminos de Revoluci\u00f3n en el siglo XXI. Expreso: \u201cChe, quienes te mataron creyeron as\u00ed te desaparec\u00edan de la historia, hoy eres un s\u00edmbolo de la Humanidad y la Rebeld\u00eda\u201d.<\/span><\/p>\n<div><span style=\"color: blue;font-family: Verdana, sans-serif\"><b>Fuente: PSUV, Producci\u00f3n Riachuelo<\/b><\/span><\/div>\n","protected":false},"excerpt":{"rendered":"<p>ALEGRE REBELD\u00cdA: VIVE POR SIEMPRE14 de junio: 87 a\u00f1os del natalicio del Che Guevara [Prensa PSUV] El Che naci\u00f3 en Rosario, Rep\u00fablica Argentina, el 14 de junio de 1928, hijo de Ernesto Guevara y Celia de la Serna. A los dos a\u00f1os se le descubre una afecci\u00f3n que trata de combatir practicando deportes, como el [&hellip;]<\/p>\n","protected":false},"author":4,"featured_media":0,"comment_status":"open","ping_status":"open","sticky":false,"template":"","format":"standard","meta":{"_monsterinsights_skip_tracking":false,"_monsterinsights_sitenote_active":false,"_monsterinsights_sitenote_note":"","_monsterinsights_sitenote_category":0,"jnews-multi-image_gallery":[],"jnews_single_post":{"format":"standard"},"jnews_primary_category":[],"_joinchat":[],"footnotes":""},"categories":[60],"tags":[70,72],"class_list":["post-366","post","type-post","status-publish","format-standard","hentry","category-mirada-riachuelo","tag-de-la-patria-grande","tag-historia-de-la-lucha-de-los-pueblos"],"_links":{"self":[{"href":"http:\/\/fmriachuelo.it10.com.ar\/index.php\/wp-json\/wp\/v2\/posts\/366","targetHints":{"allow":["GET"]}}],"collection":[{"href":"http:\/\/fmriachuelo.it10.com.ar\/index.php\/wp-json\/wp\/v2\/posts"}],"about":[{"href":"http:\/\/fmriachuelo.it10.com.ar\/index.php\/wp-json\/wp\/v2\/types\/post"}],"author":[{"embeddable":true,"href":"http:\/\/fmriachuelo.it10.com.ar\/index.php\/wp-json\/wp\/v2\/users\/4"}],"replies":[{"embeddable":true,"href":"http:\/\/fmriachuelo.it10.com.ar\/index.php\/wp-json\/wp\/v2\/comments?post=366"}],"version-history":[{"count":1,"href":"http:\/\/fmriachuelo.it10.com.ar\/index.php\/wp-json\/wp\/v2\/posts\/366\/revisions"}],"predecessor-version":[{"id":23556,"href":"http:\/\/fmriachuelo.it10.com.ar\/index.php\/wp-json\/wp\/v2\/posts\/366\/revisions\/23556"}],"wp:attachment":[{"href":"http:\/\/fmriachuelo.it10.com.ar\/index.php\/wp-json\/wp\/v2\/media?parent=366"}],"wp:term":[{"taxonomy":"category","embeddable":true,"href":"http:\/\/fmriachuelo.it10.com.ar\/index.php\/wp-json\/wp\/v2\/categories?post=366"},{"taxonomy":"post_tag","embeddable":true,"href":"http:\/\/fmriachuelo.it10.com.ar\/index.php\/wp-json\/wp\/v2\/tags?post=366"}],"curies":[{"name":"wp","href":"https:\/\/api.w.org\/{rel}","templated":true}]}}